{"id":303784,"date":"2022-12-06T20:09:16","date_gmt":"2022-12-06T19:09:16","guid":{"rendered":"https:\/\/zjarr.tv\/?p=303784"},"modified":"2022-12-06T20:09:16","modified_gmt":"2022-12-06T19:09:16","slug":"flamur-noka-ne-konference-urgjente-per-shtyp-atentati-politik-ndaj-berishes-deshtoi-pas-tij-fshihet-bledi-cuci-dhe-ardi-veliu","status":"publish","type":"post","link":"https:\/\/zjarr.tv\/sq\/flamur-noka-ne-konference-urgjente-per-shtyp-atentati-politik-ndaj-berishes-deshtoi-pas-tij-fshihet-bledi-cuci-dhe-ardi-veliu\/","title":{"rendered":"Flamur Noka n\u00eb konferenc\u00eb urgjente p\u00ebr shtyp: Atentati Politik ndaj Berish\u00ebs d\u00ebshtoi, pas tij fshihet Bledi Cuci dhe Ardi Veliu\u2026"},"content":{"rendered":"<p>Sekretar i P\u00ebrgjithsh\u00ebm i PD-s\u00eb, Flamur Noka ka reaguar p\u00ebr sulmin fizik ndaj Sali Berish\u00ebs sot n\u00eb protest\u00eb. N\u00eb nj\u00eb njoftim p\u00ebr shtyp, Noka e cil\u00ebsoi sulmin si nj\u00eb atentat politik ndaj liderit demokrat. Noka shprehet se sulmi ka ardhur nga qeveria, e cila sipas Nok\u00ebs, ka pasur disa q\u00ebllime.<\/p>\n<figure><img decoding=\"async\" src=\"https:\/\/i.imgur.com\/l7bgfeN.jpg\"><\/figure>\n<figure><img decoding=\"async\" src=\"https:\/\/i.imgur.com\/l7bgfeN.jpg\"><\/figure>\n<figure><img decoding=\"async\" src=\"https:\/\/i.imgur.com\/l7bgfeN.jpg\"><\/figure>\n<figure><img decoding=\"async\" src=\"https:\/\/i.imgur.com\/l7bgfeN.jpg\"><\/figure>\n<figure><img decoding=\"async\" src=\"https:\/\/i.imgur.com\/l7bgfeN.jpg\"><\/figure>\n<p>\u201cP\u00ebr t\u00eb kuptuar se agresori ishte njeriu i partis\u00eb, i l\u00ebshuar rrug\u00ebve t\u00eb Tiran\u00ebs n\u00eb k\u00ebrkim t\u00eb gjakut, mjafton besoj fakti se akoma pa u realizuar atentanti, doli nga zyra e Fug\u00ebs dhe Cucit, akt-ekspertiza false ku sulmuesi konsiderohej me problem mendore.\u201d, u shpreh mes t\u00eb tjerash Flamur Noka.<\/p>\n<p>Deklarata e plot\u00eb:<br \/>\nPak or\u00eb nga agresioni \u00ebsht\u00eb e qart\u00eb se pas atentatit politik dhe t\u00eb pabes\u00eb ndaj liderit t\u00eb opozit\u00ebs Sali Berisha, fshihet Edi Rama, Blendi \u00c7u\u00e7i dhe Ardi Veliu. Informatori i Policis\u00eb \u00ebsht\u00eb porosia direkte e pushtetit. E gjitha ishte organizuar si skenar i pushtetit me tre q\u00ebllime:<\/p>\n<figure><img decoding=\"async\" src=\"https:\/\/i.imgur.com\/l7bgfeN.jpg\"><\/figure>\n<figure><img decoding=\"async\" src=\"https:\/\/i.imgur.com\/l7bgfeN.jpg\"><\/figure>\n<figure><img decoding=\"async\" src=\"https:\/\/i.imgur.com\/l7bgfeN.jpg\"><\/figure>\n<figure><img decoding=\"async\" src=\"https:\/\/i.imgur.com\/l7bgfeN.jpg\"><\/figure>\n<figure><img decoding=\"async\" src=\"https:\/\/i.imgur.com\/l7bgfeN.jpg\"><\/figure>\n<p>S\u00eb pari, plagosjen e Sali Berish\u00ebs me q\u00ebllim mbylljen e goj\u00ebs s\u00eb liderit t\u00eb opozit\u00ebs, dhe rrjedhimisht shqiptar\u00ebt t\u00eb mos kishin z\u00eb sot.Dhe s\u00eb dyti, acarimin e mb\u00ebshtet\u00ebsve t\u00eb Partis\u00eb Demokratike dhe t\u00eb opozit\u00ebs, n\u00eb nj\u00eb shkall\u00eb q\u00eb do i shtynte ata p\u00ebrtej arsyes, dhe drejt dhun\u00ebs p\u00ebrplasjes me policin\u00eb.<\/p>\n<figure><img decoding=\"async\" src=\"https:\/\/i.imgur.com\/l7bgfeN.jpg\"><\/figure>\n<figure><img decoding=\"async\" src=\"https:\/\/i.imgur.com\/l7bgfeN.jpg\"><\/figure>\n<figure><img decoding=\"async\" src=\"https:\/\/i.imgur.com\/l7bgfeN.jpg\"><\/figure>\n<figure><img decoding=\"async\" src=\"https:\/\/i.imgur.com\/l7bgfeN.jpg\"><\/figure>\n<figure><img decoding=\"async\" src=\"https:\/\/i.imgur.com\/l7bgfeN.jpg\"><\/figure>\n<p>Dhe s\u00eb treti shmangien e Berish\u00ebs dhe opozit\u00ebs si interlokutor dhe shpalljen e tij dhe PD si forca destabilizuese dhe anti-europiane.\u2028Gjat\u00eb gjith\u00eb jav\u00ebs pushteti u munduan t\u00eb pikturonte me ngjyrat e Rilindjes, ekran m\u00eb ekran, n\u00ebp\u00ebrmjet skllev\u00ebrve t\u00eb pushtetit, nj\u00eb opozit\u00eb t\u00eb dhunshme.<\/p>\n<p>Por skenari ju mbeti p\u00ebrgjysm\u00eb. P\u00ebr tu hakmarr\u00eb p\u00ebr k\u00ebt\u00eb fakt, pasi gjakos\u00ebn liderin e opozit\u00ebs, Cuci me porosi t\u00eb Ram\u00ebs dha urdh\u00ebr t\u00eb shpalleshin n\u00eb k\u00ebrkim dy demokrat\u00eb, q\u00eb u munduan t\u00eb neutralizonin informatorin e future t\u00eb Policis\u00eb.<br \/>\nP\u00ebr t\u00eb kuptuar se agresori ishte njeriu i partis\u00eb, i l\u00ebshuar rrug\u00ebve t\u00eb Tiran\u00ebs n\u00eb k\u00ebrkim t\u00eb gjakut, mjafton besoj fakti se akoma pa u realizuar atentanti, doli nga zyra e Fug\u00ebs dhe Cucit, akt-ekspertiza false ku sulmuesi konsiderohej me problem mendore.<\/p>\n<figure><img decoding=\"async\" src=\"https:\/\/i.imgur.com\/l7bgfeN.jpg\"><\/figure>\n<figure><img decoding=\"async\" src=\"https:\/\/i.imgur.com\/l7bgfeN.jpg\"><\/figure>\n<figure><img decoding=\"async\" src=\"https:\/\/i.imgur.com\/l7bgfeN.jpg\"><\/figure>\n<figure><img decoding=\"async\" src=\"https:\/\/i.imgur.com\/l7bgfeN.jpg\"><\/figure>\n<figure><img decoding=\"async\" src=\"https:\/\/i.imgur.com\/l7bgfeN.jpg\"><\/figure>\n<p>Probleme mendore ka vet\u00ebm nj\u00eb person dhe ai quhet Edi Rama. Nj\u00eb hakmarr\u00ebs serial, sic e pohon vet\u00eb n\u00eb librin \u201cKurbani\u201d, dhe nj\u00eb gjenerator i kriminalizimit t\u00eb politik\u00ebs.<br \/>\nMe dhunen e korrupsionit ka blere votat, me dhunen e papunesise ka perzene shqiptaret nga shtepite e veta, me dhunen e varferise mban veten ne pushtet. Me dhunen fizike kerkon te hakmerret ndaj opozites.<br \/>\nLlogarite i ka bere gabim.<\/p>\n","protected":false},"excerpt":{"rendered":"<p>Sekretar i P\u00ebrgjithsh\u00ebm i PD-s\u00eb, Flamur Noka ka reaguar p\u00ebr sulmin fizik ndaj Sali Berish\u00ebs sot n\u00eb protest\u00eb. N\u00eb nj\u00eb njoftim p\u00ebr shtyp, Noka e cil\u00ebsoi sulmin si nj\u00eb atentat politik ndaj liderit demokrat. Noka shprehet se sulmi ka ardhur nga qeveria, e cila sipas Nok\u00ebs, ka pasur disa q\u00ebllime. \u201cP\u00ebr t\u00eb kuptuar se agresori [&hellip;]<\/p>\n","protected":false},"author":2039,"featured_media":303785,"comment_status":"closed","ping_status":"closed","sticky":false,"template":"","format":"standard","meta":{"footnotes":""},"categories":[1],"tags":[],"class_list":{"0":"post-303784","1":"post","2":"type-post","3":"status-publish","4":"format-standard","5":"has-post-thumbnail","7":"category-uncategorized-sq"},"_links":{"self":[{"href":"https:\/\/zjarr.tv\/sq\/wp-json\/wp\/v2\/posts\/303784","targetHints":{"allow":["GET"]}}],"collection":[{"href":"https:\/\/zjarr.tv\/sq\/wp-json\/wp\/v2\/posts"}],"about":[{"href":"https:\/\/zjarr.tv\/sq\/wp-json\/wp\/v2\/types\/post"}],"author":[{"embeddable":true,"href":"https:\/\/zjarr.tv\/sq\/wp-json\/wp\/v2\/users\/2039"}],"replies":[{"embeddable":true,"href":"https:\/\/zjarr.tv\/sq\/wp-json\/wp\/v2\/comments?post=303784"}],"version-history":[{"count":0,"href":"https:\/\/zjarr.tv\/sq\/wp-json\/wp\/v2\/posts\/303784\/revisions"}],"wp:featuredmedia":[{"embeddable":true,"href":"https:\/\/zjarr.tv\/sq\/wp-json\/wp\/v2\/media\/303785"}],"wp:attachment":[{"href":"https:\/\/zjarr.tv\/sq\/wp-json\/wp\/v2\/media?parent=303784"}],"wp:term":[{"taxonomy":"category","embeddable":true,"href":"https:\/\/zjarr.tv\/sq\/wp-json\/wp\/v2\/categories?post=303784"},{"taxonomy":"post_tag","embeddable":true,"href":"https:\/\/zjarr.tv\/sq\/wp-json\/wp\/v2\/tags?post=303784"}],"curies":[{"name":"wp","href":"https:\/\/api.w.org\/{rel}","templated":true}]}}