{"id":303787,"date":"2022-12-06T20:14:57","date_gmt":"2022-12-06T19:14:57","guid":{"rendered":"https:\/\/zjarr.tv\/?p=303787"},"modified":"2022-12-06T20:14:57","modified_gmt":"2022-12-06T19:14:57","slug":"rrahja-eshte-institucioni-me-i-larte-poshterues-per-te-mero-baze-kusheriri-i-dhunuesit-te-berishes-punonte-ne-gerdec-nenen-e-tij-e-ka-patur-sanitare-ne-shtepi","status":"publish","type":"post","link":"https:\/\/zjarr.tv\/sq\/rrahja-eshte-institucioni-me-i-larte-poshterues-per-te-mero-baze-kusheriri-i-dhunuesit-te-berishes-punonte-ne-gerdec-nenen-e-tij-e-ka-patur-sanitare-ne-shtepi\/","title":{"rendered":"\u201cRrahja \u00ebsht\u00eb institucioni m\u00eb i lart\u00eb posht\u00ebrues p\u00ebr t\u00eb\u201d, Mero Baze: Kush\u00ebriri i dhunuesit t\u00eb Berish\u00ebs punonte n\u00eb G\u00ebrdec, n\u00ebn\u00ebn e tij e ka patur sanitare n\u00eb sht\u00ebpi"},"content":{"rendered":"<p>Gazetari Mero Baze ka reaguar p\u00ebr sulmin fizik ndaj Sali Berish\u00ebs n\u00eb protest\u00ebn e sotme t\u00eb opozit\u00ebs q\u00eb u zhvillua n\u00eb Bulevardin \u201cD\u00ebshmor\u00ebt e Kombit\u201d.<\/p>\n<p>Ai ka sjell\u00eb n\u00eb v\u00ebmendje aktet e dhun\u00ebs nga trazirat politike n\u00eb \u201991, duke akuzuar  ish-kryeministrin Berisha se ka urdh\u00ebruar rrahjen e  disa figurave t\u00eb politik\u00ebs, mes tyre Edi Rama, Sk\u00ebnder Gjinushi, Nikoll\u00eb Lesi etj.<\/p>\n<p>Mes t\u00eb tjerash Baze thot\u00eb se autori q\u00eb goditi ish-kryeministrin, pra Gert Shehu, e njeh mir\u00eb familjen Berisha, pasi nusja e daj\u00ebs s\u00eb tij ka punuar si sanitare n\u00eb sht\u00ebpin\u00eb e ish-kryeministrit dhe djali i saj punonte n\u00eb biznesin e Shk\u00eblzen Berish\u00ebs n\u00eb G\u00ebrdec.<\/p>\n<p>\u201cN\u00eb t\u00eb v\u00ebrtet\u00eb, kultura e tij e dhun\u00ebs fliste para fakteve dhe logjik\u00ebs me t\u00eb cil\u00ebn duhet t\u00eb fliste ai si viktim\u00eb. Kur ai ka qen\u00eb n\u00eb pushtet i ka b\u00ebr\u00eb t\u00eb gjitha k\u00ebto.<\/p>\n<p>Duke filluar nga rrahja e Gramoz Pashkos dhe p\u00ebrdhunimi i familjar\u00ebve t\u00eb tij m\u00eb 1991, vet\u00ebm se ishte kritik i tij, e me radh\u00eb gjith\u00eb politikan\u00ebt kund\u00ebrshtar\u00eb me t\u00eb n\u00eb Partin\u00eb Demokratike, p\u00ebrfshi Eduard Selamin, Genc Pollon, Bashkim Koplikun, Dashamir Shehin, Pre\u00e7 Zogajn, Neritan Cek\u00ebn, Arben Imamin, Edi Ram\u00ebn, Bledi Gonxhen, Sk\u00ebnder Gjinushin, Kastriot Islamin e par\u00eb, Ndre Legisin, e deri tek dhuna e 8 janarit mbi nj\u00eb grup kund\u00ebrshtar\u00ebsh n\u00eb selin\u00eb e PD, ai e ka kthyer kultur\u00ebn e dhun\u00ebs politike n\u00eb k\u00ebt\u00eb vend si mjet lufte.<\/p>\n<p>Akoma m\u00eb e r\u00ebnd\u00eb ka qen\u00eb kjo kur e ka p\u00ebrdorur dhe ndaj medias kritike me t\u00eb, duke djegur redaksi, duke rrahur gazetar\u00eb dhe duke justifikuar dhun\u00ebn, pa k\u00ebrkuar kurr\u00eb ndjes\u00eb. Kur rrihte Nikoll Lesin thoshte ai nuk ka k\u00ebrkuar hetim, kur rrihte Edi Ram\u00ebn thoshte e kan\u00eb rrahur komshinjt\u00eb, kur m\u00eb q\u00ebllonte mua shoq\u00ebruesi i gruas tij, thoshte \u201cgoja llap, kurrizi dap\u201d, pa k\u00ebrkuar ndjes\u00eb.<\/p>\n<p>Thjesht ishte i g\u00ebzuar nga dhuna. Duke manipuluar faktet dhe duke mos e marr\u00eb aktin e sh\u00ebmtuar ndaj tij ashtu si\u00e7 \u00ebsht\u00eb, si nj\u00eb sulm nga nj\u00eb i s\u00ebmur\u00eb me t\u00eb meta mendore, q\u00eb gruan e daj\u00ebs e ka pasur pastruese n\u00eb sht\u00ebpi t\u00eb tij dhe q\u00eb \u00ebsht\u00eb i fiksuar q\u00eb djali i saj mund t\u00eb vdiste n\u00eb G\u00ebrdec n\u00eb biznesin e djalit t\u00eb Berish\u00ebs, ai n\u00eb t\u00eb v\u00ebrtet\u00eb m\u00eb shum\u00eb se sa bind qytetar\u00ebt si viktim\u00eb, zgjon dyshime tek ata si manipulator, madje dhe inskenues.\u201d, shkruan Mero Baze.<\/p>\n","protected":false},"excerpt":{"rendered":"<p>Gazetari Mero Baze ka reaguar p\u00ebr sulmin fizik ndaj Sali Berish\u00ebs n\u00eb protest\u00ebn e sotme t\u00eb opozit\u00ebs q\u00eb u zhvillua n\u00eb Bulevardin \u201cD\u00ebshmor\u00ebt e Kombit\u201d. Ai ka sjell\u00eb n\u00eb v\u00ebmendje aktet e dhun\u00ebs nga trazirat politike n\u00eb \u201991, duke akuzuar ish-kryeministrin Berisha se ka urdh\u00ebruar rrahjen e disa figurave t\u00eb politik\u00ebs, mes tyre Edi Rama, [&hellip;]<\/p>\n","protected":false},"author":2031,"featured_media":303788,"comment_status":"closed","ping_status":"closed","sticky":false,"template":"","format":"standard","meta":{"footnotes":""},"categories":[231],"tags":[],"class_list":{"0":"post-303787","1":"post","2":"type-post","3":"status-publish","4":"format-standard","5":"has-post-thumbnail","7":"category-lajme"},"_links":{"self":[{"href":"https:\/\/zjarr.tv\/sq\/wp-json\/wp\/v2\/posts\/303787","targetHints":{"allow":["GET"]}}],"collection":[{"href":"https:\/\/zjarr.tv\/sq\/wp-json\/wp\/v2\/posts"}],"about":[{"href":"https:\/\/zjarr.tv\/sq\/wp-json\/wp\/v2\/types\/post"}],"author":[{"embeddable":true,"href":"https:\/\/zjarr.tv\/sq\/wp-json\/wp\/v2\/users\/2031"}],"replies":[{"embeddable":true,"href":"https:\/\/zjarr.tv\/sq\/wp-json\/wp\/v2\/comments?post=303787"}],"version-history":[{"count":0,"href":"https:\/\/zjarr.tv\/sq\/wp-json\/wp\/v2\/posts\/303787\/revisions"}],"wp:featuredmedia":[{"embeddable":true,"href":"https:\/\/zjarr.tv\/sq\/wp-json\/wp\/v2\/media\/303788"}],"wp:attachment":[{"href":"https:\/\/zjarr.tv\/sq\/wp-json\/wp\/v2\/media?parent=303787"}],"wp:term":[{"taxonomy":"category","embeddable":true,"href":"https:\/\/zjarr.tv\/sq\/wp-json\/wp\/v2\/categories?post=303787"},{"taxonomy":"post_tag","embeddable":true,"href":"https:\/\/zjarr.tv\/sq\/wp-json\/wp\/v2\/tags?post=303787"}],"curies":[{"name":"wp","href":"https:\/\/api.w.org\/{rel}","templated":true}]}}