{"id":303951,"date":"2022-12-07T18:12:12","date_gmt":"2022-12-07T17:12:12","guid":{"rendered":"https:\/\/zjarr.tv\/?p=303951"},"modified":"2022-12-07T18:12:12","modified_gmt":"2022-12-07T17:12:12","slug":"shembja-e-prestige-resort-ish-ministri-i-jashtem-rrezik-per-demokracine","status":"publish","type":"post","link":"https:\/\/zjarr.tv\/sq\/shembja-e-prestige-resort-ish-ministri-i-jashtem-rrezik-per-demokracine\/","title":{"rendered":"Shembja e \u201cPrestige Resort\u201d? Ish-ministri i Jasht\u00ebm: Rrezik p\u00ebr demokracin\u00eb"},"content":{"rendered":"<p>Ish-ministri i Jasht\u00ebm, Besnik Mustafaj, \u00ebsht\u00eb shprehur se demokracia n\u00eb Shqip\u00ebri \u00ebsht\u00eb n\u00eb rrezik.<\/p>\n<p>N\u00eb nj\u00eb intervist\u00eb p\u00ebr gazet\u00ebn \u201cPanorama\u201d, Mustafaj u shpreh se shembja me tritol e \u201cPrestige Resort\u201d, vet\u00ebm se pronari i t\u00eb cilit nuk pranon imponim n\u00eb politik\u00ebn editoriale n\u00eb grupin mediatik q\u00eb zot\u00ebron, dhe dhunimi i liderit t\u00eb opozit\u00ebs \u00ebsht\u00eb nj\u00eb akt i rreziksh\u00ebm p\u00ebr demokracin\u00eb. Teksa u ndal n\u00eb dhunimin e kreut t\u00eb PDs\u00eb, Mustafaj b\u00ebri fajtor Kryeministrin Rama dhe ministrat e tij se me gjuh\u00ebn q\u00eb p\u00ebrdorin dhe sjelljen q\u00eb kan\u00eb ndaj opozit\u00ebs nxisin akte t\u00eb tilla dhune. Nd\u00ebrkoh\u00eb, e paralajm\u00ebroi k\u00ebt\u00eb t\u00eb fundit se duke dhunuar liderin e opozit\u00ebs, dhunon t\u00eb gjith\u00eb popullin opozitar dhe provokon protesta q\u00eb sipas tij, n\u00eb t\u00eb ardhmen nuk duhet t\u00eb jen\u00eb me k\u00ebng\u00eb e me valle, por do shprehin zem\u00ebrimin e tyre.<\/p>\n","protected":false},"excerpt":{"rendered":"<p>Ish-ministri i Jasht\u00ebm, Besnik Mustafaj, \u00ebsht\u00eb shprehur se demokracia n\u00eb Shqip\u00ebri \u00ebsht\u00eb n\u00eb rrezik. N\u00eb nj\u00eb intervist\u00eb p\u00ebr gazet\u00ebn \u201cPanorama\u201d, Mustafaj u shpreh se shembja me tritol e \u201cPrestige Resort\u201d, vet\u00ebm se pronari i t\u00eb cilit nuk pranon imponim n\u00eb politik\u00ebn editoriale n\u00eb grupin mediatik q\u00eb zot\u00ebron, dhe dhunimi i liderit t\u00eb opozit\u00ebs \u00ebsht\u00eb nj\u00eb [&hellip;]<\/p>\n","protected":false},"author":2031,"featured_media":303952,"comment_status":"closed","ping_status":"closed","sticky":false,"template":"","format":"standard","meta":{"footnotes":""},"categories":[231],"tags":[],"class_list":{"0":"post-303951","1":"post","2":"type-post","3":"status-publish","4":"format-standard","5":"has-post-thumbnail","7":"category-lajme"},"_links":{"self":[{"href":"https:\/\/zjarr.tv\/sq\/wp-json\/wp\/v2\/posts\/303951","targetHints":{"allow":["GET"]}}],"collection":[{"href":"https:\/\/zjarr.tv\/sq\/wp-json\/wp\/v2\/posts"}],"about":[{"href":"https:\/\/zjarr.tv\/sq\/wp-json\/wp\/v2\/types\/post"}],"author":[{"embeddable":true,"href":"https:\/\/zjarr.tv\/sq\/wp-json\/wp\/v2\/users\/2031"}],"replies":[{"embeddable":true,"href":"https:\/\/zjarr.tv\/sq\/wp-json\/wp\/v2\/comments?post=303951"}],"version-history":[{"count":0,"href":"https:\/\/zjarr.tv\/sq\/wp-json\/wp\/v2\/posts\/303951\/revisions"}],"wp:featuredmedia":[{"embeddable":true,"href":"https:\/\/zjarr.tv\/sq\/wp-json\/wp\/v2\/media\/303952"}],"wp:attachment":[{"href":"https:\/\/zjarr.tv\/sq\/wp-json\/wp\/v2\/media?parent=303951"}],"wp:term":[{"taxonomy":"category","embeddable":true,"href":"https:\/\/zjarr.tv\/sq\/wp-json\/wp\/v2\/categories?post=303951"},{"taxonomy":"post_tag","embeddable":true,"href":"https:\/\/zjarr.tv\/sq\/wp-json\/wp\/v2\/tags?post=303951"}],"curies":[{"name":"wp","href":"https:\/\/api.w.org\/{rel}","templated":true}]}}