{"id":303969,"date":"2022-12-07T18:47:50","date_gmt":"2022-12-07T17:47:50","guid":{"rendered":"https:\/\/zjarr.tv\/?p=303969"},"modified":"2022-12-07T18:47:50","modified_gmt":"2022-12-07T17:47:50","slug":"sulmi-ndaj-berishes-kellici-te-gjitha-faktet-qe-kemi-te-cojne-te-edi-rama-opozita-nuk-bie-knock-out","status":"publish","type":"post","link":"https:\/\/zjarr.tv\/sq\/sulmi-ndaj-berishes-kellici-te-gjitha-faktet-qe-kemi-te-cojne-te-edi-rama-opozita-nuk-bie-knock-out\/","title":{"rendered":"Sulmi ndaj Berish\u00ebs, K\u00eblli\u00e7i: T\u00eb gjitha faktet q\u00eb kemi t\u00eb \u00e7ojn\u00eb te Edi Rama! Opozita nuk bie knock out"},"content":{"rendered":"<p>Sipas opozit\u00ebs, sulmi ndaj ish-kryeministrit Sali Berisha ishte i orkestruar nga Edi Rama, k\u00ebt\u00eb thot\u00eb deputeti Belind K\u00eblli\u00e7i.<\/p>\n<p>Ai pretendon n\u00eb nj\u00eb postim n\u00eb Facebook se faktet dhe burimet q\u00eb disponon opozita t\u00eb \u00e7ojn\u00eb te ky konkluzion.<\/p>\n<p>Sipas K\u00eblli\u00e7it, skenari i b\u00eb p\u00ebr t\u00eb shp\u00ebrfytyruar opozit\u00ebn dhe p\u00ebr t\u00eb gjeneruar dhun\u00eb n\u00eb protest\u00eb.<\/p>\n<p>Reagimi i plot\u00eb i K\u00eblli\u00e7it:<\/p>\n<p>Nga t\u00eb gjith\u00eb faktet q\u00eb disponojm\u00eb dhe t\u00eb gjitha burimet q\u00eb p\u00ebrcjellin informacion n\u00eb Partin\u00eb Demokratike, t\u00eb shpien n\u00eb nj\u00eb em\u00ebr: Edi Rama!<\/p>\n<p>Sulmi ndaj Sali Berish\u00ebs \u00ebsht\u00eb orkestruar me synimin p\u00ebr t\u00eb shp\u00ebrfytyruar opozit\u00ebn n\u00eb nj\u00eb kund\u00ebr-reagim agresiv, p\u00ebr t\u00eb gjeneruar dhun\u00eb n\u00eb nj\u00eb protest\u00eb paq\u00ebsore.<\/p>\n<p>Opozita shqiptare dhe Sali Berisha nuk i shkuan pas fillit k\u00ebtij skenari, duke i hequr Ram\u00ebs mund\u00ebsin\u00eb p\u00ebr t\u00eb b\u00ebr\u00eb kurban opozit\u00ebn n\u00eb sy t\u00eb nd\u00ebrkomb\u00ebtar\u00ebve.<\/p>\n<p>Opozita nuk bie knock out. Protestat do t\u00eb vazhdojn\u00eb.<\/p>\n","protected":false},"excerpt":{"rendered":"<p>Sipas opozit\u00ebs, sulmi ndaj ish-kryeministrit Sali Berisha ishte i orkestruar nga Edi Rama, k\u00ebt\u00eb thot\u00eb deputeti Belind K\u00eblli\u00e7i. Ai pretendon n\u00eb nj\u00eb postim n\u00eb Facebook se faktet dhe burimet q\u00eb disponon opozita t\u00eb \u00e7ojn\u00eb te ky konkluzion. Sipas K\u00eblli\u00e7it, skenari i b\u00eb p\u00ebr t\u00eb shp\u00ebrfytyruar opozit\u00ebn dhe p\u00ebr t\u00eb gjeneruar dhun\u00eb n\u00eb protest\u00eb. Reagimi i [&hellip;]<\/p>\n","protected":false},"author":2031,"featured_media":294062,"comment_status":"closed","ping_status":"closed","sticky":false,"template":"","format":"standard","meta":{"footnotes":""},"categories":[231],"tags":[],"class_list":{"0":"post-303969","1":"post","2":"type-post","3":"status-publish","4":"format-standard","5":"has-post-thumbnail","7":"category-lajme"},"_links":{"self":[{"href":"https:\/\/zjarr.tv\/sq\/wp-json\/wp\/v2\/posts\/303969","targetHints":{"allow":["GET"]}}],"collection":[{"href":"https:\/\/zjarr.tv\/sq\/wp-json\/wp\/v2\/posts"}],"about":[{"href":"https:\/\/zjarr.tv\/sq\/wp-json\/wp\/v2\/types\/post"}],"author":[{"embeddable":true,"href":"https:\/\/zjarr.tv\/sq\/wp-json\/wp\/v2\/users\/2031"}],"replies":[{"embeddable":true,"href":"https:\/\/zjarr.tv\/sq\/wp-json\/wp\/v2\/comments?post=303969"}],"version-history":[{"count":0,"href":"https:\/\/zjarr.tv\/sq\/wp-json\/wp\/v2\/posts\/303969\/revisions"}],"wp:featuredmedia":[{"embeddable":true,"href":"https:\/\/zjarr.tv\/sq\/wp-json\/wp\/v2\/media\/294062"}],"wp:attachment":[{"href":"https:\/\/zjarr.tv\/sq\/wp-json\/wp\/v2\/media?parent=303969"}],"wp:term":[{"taxonomy":"category","embeddable":true,"href":"https:\/\/zjarr.tv\/sq\/wp-json\/wp\/v2\/categories?post=303969"},{"taxonomy":"post_tag","embeddable":true,"href":"https:\/\/zjarr.tv\/sq\/wp-json\/wp\/v2\/tags?post=303969"}],"curies":[{"name":"wp","href":"https:\/\/api.w.org\/{rel}","templated":true}]}}