{"id":304583,"date":"2022-12-11T09:37:57","date_gmt":"2022-12-11T08:37:57","guid":{"rendered":"https:\/\/zjarr.tv\/?p=304583"},"modified":"2022-12-11T09:37:57","modified_gmt":"2022-12-11T08:37:57","slug":"te-shtena-me-arme-ne-fushe-kruje-nje-i-dehur-plagos-shokun-dhe-me-pas-veten","status":"publish","type":"post","link":"https:\/\/zjarr.tv\/sq\/te-shtena-me-arme-ne-fushe-kruje-nje-i-dehur-plagos-shokun-dhe-me-pas-veten\/","title":{"rendered":"T\u00eb sht\u00ebna me arm\u00eb n\u00eb Fush\u00eb Kruj\u00eb, nj\u00eb i dehur plagos shokun dhe m\u00eb pas veten"},"content":{"rendered":"<p>Nj\u00eb ngjarje e r\u00ebnd\u00eb \u00ebsht\u00eb sh\u00ebnuar gjat\u00eb or\u00ebve t\u00eb vona t\u00eb mbr\u00ebmjen s\u00eb djeshme n\u00eb Fush\u00eb Kruj\u00eb.<\/p>\n<p>B\u00ebhet me dije se n\u00eb gjendje t\u00eb dehur nj\u00eb person ka plagosur me arm\u00eb zjarri shokun e vet dhe m\u00eb pas n\u00eb gjendje shok-u \u00ebsht\u00eb vet\u00ebplagosur.<\/p>\n<p>Policia ka sekuestruar arm\u00ebn si dhe ka v\u00ebn\u00eb n\u00eb pranga autorin e k\u00ebsaj ngjarje t\u00eb r\u00ebnd\u00eb. Nd\u00ebrkoh\u00eb q\u00eb grupi hetimor po vijon pun\u00ebn p\u00ebr zbardhjen e plot\u00eb t\u00eb rrethanave t\u00eb ngjarjes.<\/p>\n","protected":false},"excerpt":{"rendered":"<p>Nj\u00eb ngjarje e r\u00ebnd\u00eb \u00ebsht\u00eb sh\u00ebnuar gjat\u00eb or\u00ebve t\u00eb vona t\u00eb mbr\u00ebmjen s\u00eb djeshme n\u00eb Fush\u00eb Kruj\u00eb. B\u00ebhet me dije se n\u00eb gjendje t\u00eb dehur nj\u00eb person ka plagosur me arm\u00eb zjarri shokun e vet dhe m\u00eb pas n\u00eb gjendje shok-u \u00ebsht\u00eb vet\u00ebplagosur. Policia ka sekuestruar arm\u00ebn si dhe ka v\u00ebn\u00eb n\u00eb pranga autorin e [&hellip;]<\/p>\n","protected":false},"author":2031,"featured_media":304584,"comment_status":"closed","ping_status":"closed","sticky":false,"template":"","format":"standard","meta":{"footnotes":""},"categories":[231],"tags":[],"class_list":{"0":"post-304583","1":"post","2":"type-post","3":"status-publish","4":"format-standard","5":"has-post-thumbnail","7":"category-lajme"},"_links":{"self":[{"href":"https:\/\/zjarr.tv\/sq\/wp-json\/wp\/v2\/posts\/304583","targetHints":{"allow":["GET"]}}],"collection":[{"href":"https:\/\/zjarr.tv\/sq\/wp-json\/wp\/v2\/posts"}],"about":[{"href":"https:\/\/zjarr.tv\/sq\/wp-json\/wp\/v2\/types\/post"}],"author":[{"embeddable":true,"href":"https:\/\/zjarr.tv\/sq\/wp-json\/wp\/v2\/users\/2031"}],"replies":[{"embeddable":true,"href":"https:\/\/zjarr.tv\/sq\/wp-json\/wp\/v2\/comments?post=304583"}],"version-history":[{"count":0,"href":"https:\/\/zjarr.tv\/sq\/wp-json\/wp\/v2\/posts\/304583\/revisions"}],"wp:featuredmedia":[{"embeddable":true,"href":"https:\/\/zjarr.tv\/sq\/wp-json\/wp\/v2\/media\/304584"}],"wp:attachment":[{"href":"https:\/\/zjarr.tv\/sq\/wp-json\/wp\/v2\/media?parent=304583"}],"wp:term":[{"taxonomy":"category","embeddable":true,"href":"https:\/\/zjarr.tv\/sq\/wp-json\/wp\/v2\/categories?post=304583"},{"taxonomy":"post_tag","embeddable":true,"href":"https:\/\/zjarr.tv\/sq\/wp-json\/wp\/v2\/tags?post=304583"}],"curies":[{"name":"wp","href":"https:\/\/api.w.org\/{rel}","templated":true}]}}