{"id":304939,"date":"2022-12-12T19:05:28","date_gmt":"2022-12-12T18:05:28","guid":{"rendered":"https:\/\/zjarr.tv\/?p=304939"},"modified":"2022-12-12T19:05:28","modified_gmt":"2022-12-12T18:05:28","slug":"zevendesoi-grida-dumen-ori-nebijaj-ben-reagimin-e-pare-pas-betimit-si-deputete","status":"publish","type":"post","link":"https:\/\/zjarr.tv\/sq\/zevendesoi-grida-dumen-ori-nebijaj-ben-reagimin-e-pare-pas-betimit-si-deputete\/","title":{"rendered":"Z\u00ebv\u00ebnd\u00ebsoi Grida Dum\u00ebn, Ori Nebijaj b\u00ebn reagimin e par\u00eb pas betimit si deputete"},"content":{"rendered":"<p>Orjela Nebijaj \u00ebsht\u00eb betuar sot n\u00eb Kuvendin e Shqip\u00ebris\u00eb, duke u b\u00ebr\u00eb k\u00ebshtu deputete e Partis\u00eb Demokratike. P\u00ebrmes nj\u00eb postimi n\u00eb rrjete sociale, ish moderatorja ka b\u00ebr\u00eb dhe reagimin e par\u00eb.<\/p>\n<p>\u201cMe bekimin e Zotit, uroj t\u00eb b\u00ebhet m\u00eb e mira p\u00ebr t\u00eb gjith\u00eb ne\u201d, ka shkruar Nebijaj n\u00eb Instagram.<\/p>\n<p>Ori hoqi dor\u00eb nga moderimi p\u00ebr t\u2019ju futur politik\u00ebs pak jav\u00eb m\u00eb par\u00eb duke z\u00ebvend\u00ebsuar n\u00eb list\u00ebn e Partis\u00eb Demokratike n\u00eb Tiran\u00eb, Grida Dum\u00ebn. Kujtojm\u00eb q\u00eb Nebijaj kandidoi m\u00eb 25 prill n\u00eb qarkun e Tiran\u00ebs, ku mori 5606 vota preferenciale.<\/p>\n<p>Nebiaj ishte renditur e 18 n\u00eb list\u00ebn e PD-s\u00eb, por pas rirenditjes n\u00eb baz\u00eb t\u00eb votave preferenciale ajo u ngjit nj\u00eb vend m\u00eb sip\u00ebr.<\/p>\n<p><img loading=\"lazy\" decoding=\"async\" class=\"alignnone size-medium wp-image-304940\" src=\"https:\/\/zjarr.tv\/wp-content\/uploads\/2022\/12\/download-174x300.jpg\" alt=\"\" width=\"174\" height=\"300\" srcset=\"https:\/\/zjarr.tv\/wp-content\/uploads\/2022\/12\/download-174x300.jpg 174w, https:\/\/zjarr.tv\/wp-content\/uploads\/2022\/12\/download-594x1024.jpg 594w, https:\/\/zjarr.tv\/wp-content\/uploads\/2022\/12\/download-244x420.jpg 244w, https:\/\/zjarr.tv\/wp-content\/uploads\/2022\/12\/download-696x1200.jpg 696w, https:\/\/zjarr.tv\/wp-content\/uploads\/2022\/12\/download.jpg 740w\" sizes=\"auto, (max-width: 174px) 100vw, 174px\" \/><\/p>\n","protected":false},"excerpt":{"rendered":"<p>Orjela Nebijaj \u00ebsht\u00eb betuar sot n\u00eb Kuvendin e Shqip\u00ebris\u00eb, duke u b\u00ebr\u00eb k\u00ebshtu deputete e Partis\u00eb Demokratike. P\u00ebrmes nj\u00eb postimi n\u00eb rrjete sociale, ish moderatorja ka b\u00ebr\u00eb dhe reagimin e par\u00eb. \u201cMe bekimin e Zotit, uroj t\u00eb b\u00ebhet m\u00eb e mira p\u00ebr t\u00eb gjith\u00eb ne\u201d, ka shkruar Nebijaj n\u00eb Instagram. Ori hoqi dor\u00eb nga moderimi [&hellip;]<\/p>\n","protected":false},"author":2030,"featured_media":304941,"comment_status":"closed","ping_status":"closed","sticky":false,"template":"","format":"standard","meta":{"footnotes":""},"categories":[241,3366,5380,231,1454],"tags":[],"class_list":{"0":"post-304939","1":"post","2":"type-post","3":"status-publish","4":"format-standard","5":"has-post-thumbnail","7":"category-aktualitet","8":"category-koment","9":"category-kryesore","10":"category-lajme","11":"category-politike"},"_links":{"self":[{"href":"https:\/\/zjarr.tv\/sq\/wp-json\/wp\/v2\/posts\/304939","targetHints":{"allow":["GET"]}}],"collection":[{"href":"https:\/\/zjarr.tv\/sq\/wp-json\/wp\/v2\/posts"}],"about":[{"href":"https:\/\/zjarr.tv\/sq\/wp-json\/wp\/v2\/types\/post"}],"author":[{"embeddable":true,"href":"https:\/\/zjarr.tv\/sq\/wp-json\/wp\/v2\/users\/2030"}],"replies":[{"embeddable":true,"href":"https:\/\/zjarr.tv\/sq\/wp-json\/wp\/v2\/comments?post=304939"}],"version-history":[{"count":0,"href":"https:\/\/zjarr.tv\/sq\/wp-json\/wp\/v2\/posts\/304939\/revisions"}],"wp:featuredmedia":[{"embeddable":true,"href":"https:\/\/zjarr.tv\/sq\/wp-json\/wp\/v2\/media\/304941"}],"wp:attachment":[{"href":"https:\/\/zjarr.tv\/sq\/wp-json\/wp\/v2\/media?parent=304939"}],"wp:term":[{"taxonomy":"category","embeddable":true,"href":"https:\/\/zjarr.tv\/sq\/wp-json\/wp\/v2\/categories?post=304939"},{"taxonomy":"post_tag","embeddable":true,"href":"https:\/\/zjarr.tv\/sq\/wp-json\/wp\/v2\/tags?post=304939"}],"curies":[{"name":"wp","href":"https:\/\/api.w.org\/{rel}","templated":true}]}}