{"id":305598,"date":"2022-12-16T07:37:14","date_gmt":"2022-12-16T06:37:14","guid":{"rendered":"https:\/\/zjarr.tv\/?p=305598"},"modified":"2022-12-16T07:37:14","modified_gmt":"2022-12-16T06:37:14","slug":"zbarkon-policia-terror-ne-mes-te-nates-ne-nje-lagje-te-tiranes","status":"publish","type":"post","link":"https:\/\/zjarr.tv\/sq\/zbarkon-policia-terror-ne-mes-te-nates-ne-nje-lagje-te-tiranes\/","title":{"rendered":"Zbarkon POLICIA\/ Terror n\u00eb mes t\u00eb nat\u00ebs n\u00eb nj\u00eb lagje t\u00eb Tiran\u00ebs"},"content":{"rendered":"<p>N\u00eb nj\u00eb video t\u00eb publikuar nga deputeti i PD Belind K\u00ebllici tragohet se n\u00eb nj\u00eb lagje n\u00eb kryeqytet Policia e Shtetit ka shkuar n\u00eb mb\u00ebshtetje t\u00eb Ujesjelles Kanalizimit p\u00ebr t\u00eb nd\u00ebrprer\u00eb ujin dhe dritat n\u00eb k\u00ebt\u00eb zone.<\/p>\n<p>Banor\u00ebt ndihen t\u00eb irrituar nga situata pasi pretendojn\u00eb se keto grupe personash kan\u00eb ardhur me pa t\u00eb drejt\u00eb n\u00eb or\u00ebn 04:30 t\u00eb m\u00ebngjesit t\u00eb sot\u00ebm duke terrorizuar banor\u00ebt e kesaj lagjeje.<\/p>\n<p>T\u00eb pyetur nga vete deputeti n\u00ebse k\u00ebta persona kan\u00eb nje dokument autorizues rreth ekzekutimit t\u00eb ketij vendimi ata nuk kan\u00eb pranuar t\u00eb pergjigjen duke i\u2019u shamngur kamer\u00ebs.<\/p>\n<p>Esht\u00eb e dhimbshme sesi k\u00ebta qytetaret t\u00eb Tiran\u00ebs, t\u00eb cil\u00ebt thon\u00eb se jan\u00eb taksapagues t\u00eb rregullt t\u00eb ndeshen me nj\u00eb situat\u00eb t\u00eb till\u00eb t\u00eb provokuar nga Institucione shtet\u00ebrore.<\/p>\n<p>Deputeti K\u00ebllici ka deklaruar se sot do t\u00eb b\u00ebj nje kal\u00ebzim n\u00eb SPAK p\u00ebr personat p\u00ebrgjegj\u00ebs.<\/p>\n<p><a href=\"https:\/\/fb.watch\/hrNDJuEQUA\/\">NDIQNI VIDEON E PUBLIKUAR NGA DEPUTETI KELLICI<\/a><\/p>\n","protected":false},"excerpt":{"rendered":"<p>N\u00eb nj\u00eb video t\u00eb publikuar nga deputeti i PD Belind K\u00ebllici tragohet se n\u00eb nj\u00eb lagje n\u00eb kryeqytet Policia e Shtetit ka shkuar n\u00eb mb\u00ebshtetje t\u00eb Ujesjelles Kanalizimit p\u00ebr t\u00eb nd\u00ebrprer\u00eb ujin dhe dritat n\u00eb k\u00ebt\u00eb zone. Banor\u00ebt ndihen t\u00eb irrituar nga situata pasi pretendojn\u00eb se keto grupe personash kan\u00eb ardhur me pa t\u00eb drejt\u00eb [&hellip;]<\/p>\n","protected":false},"author":2031,"featured_media":305599,"comment_status":"closed","ping_status":"closed","sticky":false,"template":"","format":"standard","meta":{"footnotes":""},"categories":[231],"tags":[],"class_list":{"0":"post-305598","1":"post","2":"type-post","3":"status-publish","4":"format-standard","5":"has-post-thumbnail","7":"category-lajme"},"_links":{"self":[{"href":"https:\/\/zjarr.tv\/sq\/wp-json\/wp\/v2\/posts\/305598","targetHints":{"allow":["GET"]}}],"collection":[{"href":"https:\/\/zjarr.tv\/sq\/wp-json\/wp\/v2\/posts"}],"about":[{"href":"https:\/\/zjarr.tv\/sq\/wp-json\/wp\/v2\/types\/post"}],"author":[{"embeddable":true,"href":"https:\/\/zjarr.tv\/sq\/wp-json\/wp\/v2\/users\/2031"}],"replies":[{"embeddable":true,"href":"https:\/\/zjarr.tv\/sq\/wp-json\/wp\/v2\/comments?post=305598"}],"version-history":[{"count":0,"href":"https:\/\/zjarr.tv\/sq\/wp-json\/wp\/v2\/posts\/305598\/revisions"}],"wp:featuredmedia":[{"embeddable":true,"href":"https:\/\/zjarr.tv\/sq\/wp-json\/wp\/v2\/media\/305599"}],"wp:attachment":[{"href":"https:\/\/zjarr.tv\/sq\/wp-json\/wp\/v2\/media?parent=305598"}],"wp:term":[{"taxonomy":"category","embeddable":true,"href":"https:\/\/zjarr.tv\/sq\/wp-json\/wp\/v2\/categories?post=305598"},{"taxonomy":"post_tag","embeddable":true,"href":"https:\/\/zjarr.tv\/sq\/wp-json\/wp\/v2\/tags?post=305598"}],"curies":[{"name":"wp","href":"https:\/\/api.w.org\/{rel}","templated":true}]}}