{"id":306691,"date":"2022-12-20T19:45:24","date_gmt":"2022-12-20T18:45:24","guid":{"rendered":"https:\/\/zjarr.tv\/?p=306691"},"modified":"2022-12-20T19:45:24","modified_gmt":"2022-12-20T18:45:24","slug":"presidenti-begaj-dhe-zonja-e-pare-vizitojne-jugun-e-shqiperise-me-21-dhe-21-dhjetor-ne-delvine-finiq-e-sarande","status":"publish","type":"post","link":"https:\/\/zjarr.tv\/sq\/presidenti-begaj-dhe-zonja-e-pare-vizitojne-jugun-e-shqiperise-me-21-dhe-21-dhjetor-ne-delvine-finiq-e-sarande\/","title":{"rendered":"Presidenti Begaj dhe Zonja e Par\u00eb vizitojn\u00eb jugun e Shqip\u00ebris\u00eb, m\u00eb 21 dhe 21 dhjetor n\u00eb Delvin\u00eb, Finiq e Sarand\u00eb"},"content":{"rendered":"<p>Presidenti Bajram Begaj, do zhvilloj\u00eb dy dit\u00ebt \u00ebn vazhdim takime n\u00eb jug t\u00eb vendit. Si\u00e7 informon zyra e shtypit, kreu i shtetit do t\u00eb jet\u00eb n\u00eb datat 21 dhe 22 dhjetor n\u00eb Delvin\u00eb, Finiq e Sarand\u00eb, ku do t\u00eb takohet me p\u00ebrfaq\u00ebsuesit e pushtetit vendor, komunitetin e biznesit dhe turizmit.<\/p>\n<p>N\u00eb Delvin\u00eb, Begaj do t\u00eb takohet me kryetaren e Bashkis\u00eb, Majlinda Qilimi, p\u00ebr t\u2019u njohur nga af\u00ebr me sfidat me t\u00eb cilat p\u00ebrballet komuniteti n\u00eb k\u00ebt\u00eb zon\u00eb si dhe do t\u00eb takohet me p\u00ebrfaq\u00ebsues t\u00eb sip\u00ebrmarrjeve t\u00eb vogla e do t\u00eb vizitoj\u00eb Muzeun e Historis\u00eb.<\/p>\n<p>Presidenti Begaj do t\u00eb vizitoj\u00eb edhe Finiqin, ku do t\u00eb takohet me kryebashkiakun Kristo Ki\u00e7o, me p\u00ebrfaq\u00ebsues e intelektual\u00eb t\u00eb minoritetit grek, si dhe do t\u00eb vizitoj\u00eb edhe Parkun Arkeologjik t\u00eb Finiqit.<\/p>\n<p>N\u00eb Sarand\u00eb, Bajram Begaj do t\u00eb takohet me kryetarin e bashkis\u00eb, Adrian Gurma, si dhe do t\u00eb vizitoj\u00eb repartin pediatrik t\u00eb spitalit \u201cPetro Nako\u201d, ku do t\u00eb bisedoj\u00eb me stafin e mjek\u00ebve. Presidenti dhe Zonja e Par\u00eb do t\u00eb vizitojn\u00eb edhe shkoll\u00ebn e mesme \u201cHasan Tahsini\u201d.<\/p>\n<p>Nj\u00eb vizit\u00eb do t\u00eb zhvillohet edhe n\u00eb Parkun Komb\u00ebtar t\u00eb Butrintit, p\u00ebr t\u00eb par\u00eb bukurit\u00eb natyrore t\u00eb k\u00ebtij parku \u2013 pasuri e mbrojtur e UNESCO-s \u2013 q\u00eb t\u00ebrheq turist\u00eb nga e gjith\u00eb bota.<\/p>\n","protected":false},"excerpt":{"rendered":"<p>Presidenti Bajram Begaj, do zhvilloj\u00eb dy dit\u00ebt \u00ebn vazhdim takime n\u00eb jug t\u00eb vendit. Si\u00e7 informon zyra e shtypit, kreu i shtetit do t\u00eb jet\u00eb n\u00eb datat 21 dhe 22 dhjetor n\u00eb Delvin\u00eb, Finiq e Sarand\u00eb, ku do t\u00eb takohet me p\u00ebrfaq\u00ebsuesit e pushtetit vendor, komunitetin e biznesit dhe turizmit. N\u00eb Delvin\u00eb, Begaj do t\u00eb [&hellip;]<\/p>\n","protected":false},"author":2031,"featured_media":306692,"comment_status":"closed","ping_status":"closed","sticky":false,"template":"","format":"standard","meta":{"footnotes":""},"categories":[231],"tags":[],"class_list":{"0":"post-306691","1":"post","2":"type-post","3":"status-publish","4":"format-standard","5":"has-post-thumbnail","7":"category-lajme"},"_links":{"self":[{"href":"https:\/\/zjarr.tv\/sq\/wp-json\/wp\/v2\/posts\/306691","targetHints":{"allow":["GET"]}}],"collection":[{"href":"https:\/\/zjarr.tv\/sq\/wp-json\/wp\/v2\/posts"}],"about":[{"href":"https:\/\/zjarr.tv\/sq\/wp-json\/wp\/v2\/types\/post"}],"author":[{"embeddable":true,"href":"https:\/\/zjarr.tv\/sq\/wp-json\/wp\/v2\/users\/2031"}],"replies":[{"embeddable":true,"href":"https:\/\/zjarr.tv\/sq\/wp-json\/wp\/v2\/comments?post=306691"}],"version-history":[{"count":0,"href":"https:\/\/zjarr.tv\/sq\/wp-json\/wp\/v2\/posts\/306691\/revisions"}],"wp:featuredmedia":[{"embeddable":true,"href":"https:\/\/zjarr.tv\/sq\/wp-json\/wp\/v2\/media\/306692"}],"wp:attachment":[{"href":"https:\/\/zjarr.tv\/sq\/wp-json\/wp\/v2\/media?parent=306691"}],"wp:term":[{"taxonomy":"category","embeddable":true,"href":"https:\/\/zjarr.tv\/sq\/wp-json\/wp\/v2\/categories?post=306691"},{"taxonomy":"post_tag","embeddable":true,"href":"https:\/\/zjarr.tv\/sq\/wp-json\/wp\/v2\/tags?post=306691"}],"curies":[{"name":"wp","href":"https:\/\/api.w.org\/{rel}","templated":true}]}}