{"id":306706,"date":"2022-12-20T20:19:06","date_gmt":"2022-12-20T19:19:06","guid":{"rendered":"https:\/\/zjarr.tv\/?p=306706"},"modified":"2022-12-20T20:19:06","modified_gmt":"2022-12-20T19:19:06","slug":"berisha-sjell-risine-e-vecante-ne-politiken-shqiptare-ja-si-do-te-perzgjidhen-ministrat-dhe-deputetet","status":"publish","type":"post","link":"https:\/\/zjarr.tv\/sq\/berisha-sjell-risine-e-vecante-ne-politiken-shqiptare-ja-si-do-te-perzgjidhen-ministrat-dhe-deputetet\/","title":{"rendered":"Berisha sjell risin\u00eb e ve\u00e7ant\u00eb n\u00eb politik\u00ebn Shqiptare: Ja si do t\u00eb p\u00ebrzgjidhen Ministrat dhe deputet\u00ebt\u2026"},"content":{"rendered":"<p>Partia Demokratike mbajti pasditen e k\u00ebsaj t\u00eb marte mbledhjen e K\u00ebshillit Komb\u00ebtar t\u00eb k\u00ebsaj force politike.<\/p>\n<figure><img decoding=\"async\" src=\"https:\/\/i.imgur.com\/l7bgfeN.jpg\"><\/figure>\n<figure><img decoding=\"async\" src=\"https:\/\/i.imgur.com\/l7bgfeN.jpg\"><\/figure>\n<figure><img decoding=\"async\" src=\"https:\/\/i.imgur.com\/l7bgfeN.jpg\"><\/figure>\n<figure><img decoding=\"async\" src=\"https:\/\/i.imgur.com\/l7bgfeN.jpg\"><\/figure>\n<figure><img decoding=\"async\" src=\"https:\/\/i.imgur.com\/l7bgfeN.jpg\"><\/figure>\n<p>N\u00eb fjal\u00ebn e tij ish-kryeministri Berisha vler\u00ebsoi maksimalisht procesin e primareve p\u00ebr zgjedhjen e kandidat\u00ebve p\u00ebr zgjedhjet lokale dhe njoftoi se n\u00eb t\u00eb ardhmen ky model do t\u00eb p\u00ebrdoret p\u00ebr t\u00eb p\u00ebrzgjedhur deputet\u00ebt dhe qeveritar\u00ebt q\u00ebndror\u00eb, q\u00eb n\u00ebnkupton ministrat e shtetit.<\/p>\n<figure><img decoding=\"async\" src=\"https:\/\/i.imgur.com\/l7bgfeN.jpg\"><\/figure>\n<figure><img decoding=\"async\" src=\"https:\/\/i.imgur.com\/l7bgfeN.jpg\"><\/figure>\n<figure><img decoding=\"async\" src=\"https:\/\/i.imgur.com\/l7bgfeN.jpg\"><\/figure>\n<figure><img decoding=\"async\" src=\"https:\/\/i.imgur.com\/l7bgfeN.jpg\"><\/figure>\n<figure><img decoding=\"async\" src=\"https:\/\/i.imgur.com\/l7bgfeN.jpg\"><\/figure>\n<p>\u201c\u00c7far\u00eb ndodh kur p\u00ebrjashton lirin\u00eb, se \u00e7far\u00eb shte procesi i \u201cSkap-it\u201d, duhet t\u00eb ishte nj\u00eb proces vote, an\u00ebtar\u00ebt e atij forumi duhet t\u00eb votonin me vot\u00eb t\u00eb fsheht\u00eb, pa \u00e7\u2019ka se nuk i lan\u00eb. <\/p>\n<p>N\u00eb rrafshin filozofik ishte p\u00ebrjashtimi i liris\u00eb dhe vot\u00ebs, ishte proces n\u00eb t\u00eb cilin vota nuk duhej t\u00eb diktohej. Ndaj dhe primaret larg \u00e7do lloj objeksioni ishte risia m\u00eb madhore q\u00eb ne kemi sjell\u00eb nga themelimi i PD-s\u00eb deri m\u00eb sot. <\/p>\n<figure><img decoding=\"async\" src=\"https:\/\/i.imgur.com\/l7bgfeN.jpg\"><\/figure>\n<figure><img decoding=\"async\" src=\"https:\/\/i.imgur.com\/l7bgfeN.jpg\"><\/figure>\n<figure><img decoding=\"async\" src=\"https:\/\/i.imgur.com\/l7bgfeN.jpg\"><\/figure>\n<figure><img decoding=\"async\" src=\"https:\/\/i.imgur.com\/l7bgfeN.jpg\"><\/figure>\n<figure><img decoding=\"async\" src=\"https:\/\/i.imgur.com\/l7bgfeN.jpg\"><\/figure>\n<p>Nuk ishin t\u00eb p\u00ebrsosura, por n\u00eb t\u00ebr\u00ebsin\u00eb e tyre mbet\u00ebn nj\u00eb zhvillim hitorik jo vet\u00ebm p\u00ebr PD-n\u00eb, por edhe p\u00ebr Shqip\u00ebrin\u00eb dhe demokracin\u00eb shqiptare.<\/p>\n<p>\u00c7do problem i krijuar do t\u00eb shqyrtohet, analizohet dhe pasqyrohet n\u00eb praktik\u00ebn ton\u00eb t\u00eb ardhshme, por t\u00eb jeni t\u00eb sigurt se ato jan\u00eb praktika m\u00eb e mir\u00eb q\u00eb nj\u00eb forc\u00eb politike mund t\u00eb p\u00ebrdor. Shikoni pal\u00ebn tjet\u00ebr, Edi Rama thot\u00eb kemi m\u00ebnyr\u00ebn ton\u00eb, m\u00ebnyr\u00ebn e Enver Hoxh\u00ebs.<\/p>\n<figure><img decoding=\"async\" src=\"https:\/\/i.imgur.com\/l7bgfeN.jpg\"><\/figure>\n<figure><img decoding=\"async\" src=\"https:\/\/i.imgur.com\/l7bgfeN.jpg\"><\/figure>\n<figure><img decoding=\"async\" src=\"https:\/\/i.imgur.com\/l7bgfeN.jpg\"><\/figure>\n<figure><img decoding=\"async\" src=\"https:\/\/i.imgur.com\/l7bgfeN.jpg\"><\/figure>\n<figure><img decoding=\"async\" src=\"https:\/\/i.imgur.com\/l7bgfeN.jpg\"><\/figure>\n<p>Kandidat\u00ebt tan\u00eb me kandidat\u00ebt e tij ndryshojn\u00eb si nata me dit\u00ebn, ja ku jan\u00eb kan\u00eb ardhur me nj\u00eb proces demokratik, kurse t\u00eb tjer\u00ebt zgjidhen nga klanet mafioze dhe grupet kriminale. Kjo \u00ebsht\u00eb merit\u00eb e demokrat\u00ebve, t\u00eb cil\u00ebn e realizuan me vendosm\u00ebri dhe me civilitet. <\/p>\n<figure><img decoding=\"async\" src=\"https:\/\/i.imgur.com\/l7bgfeN.jpg\"><\/figure>\n<figure><img decoding=\"async\" src=\"https:\/\/i.imgur.com\/l7bgfeN.jpg\"><\/figure>\n<figure><img decoding=\"async\" src=\"https:\/\/i.imgur.com\/l7bgfeN.jpg\"><\/figure>\n<figure><img decoding=\"async\" src=\"https:\/\/i.imgur.com\/l7bgfeN.jpg\"><\/figure>\n<figure><img decoding=\"async\" src=\"https:\/\/i.imgur.com\/l7bgfeN.jpg\"><\/figure>\n<p>Ne kaluam primaret p\u00ebr drejtuesit tan\u00eb, ajo ishte nj\u00eb eksperienc\u00eb e shk\u00eblqyer, me p\u00ebrjashtime t\u00eb rralla. Nuk krijuan \u00e7arje apo hat\u00ebrmbetje t\u00eb pariparueshme.<br \/>\nPo n\u00eb k\u00ebt\u00eb parim do kalojn\u00eb kandidaturat p\u00ebr deputet\u00eb dhe qeveritar\u00eb q\u00ebndror\u00eb\u201d, tha Berisha.<\/p>\n","protected":false},"excerpt":{"rendered":"<p>Partia Demokratike mbajti pasditen e k\u00ebsaj t\u00eb marte mbledhjen e K\u00ebshillit Komb\u00ebtar t\u00eb k\u00ebsaj force politike. N\u00eb fjal\u00ebn e tij ish-kryeministri Berisha vler\u00ebsoi maksimalisht procesin e primareve p\u00ebr zgjedhjen e kandidat\u00ebve p\u00ebr zgjedhjet lokale dhe njoftoi se n\u00eb t\u00eb ardhmen ky model do t\u00eb p\u00ebrdoret p\u00ebr t\u00eb p\u00ebrzgjedhur deputet\u00ebt dhe qeveritar\u00ebt q\u00ebndror\u00eb, q\u00eb n\u00ebnkupton ministrat [&hellip;]<\/p>\n","protected":false},"author":2039,"featured_media":306707,"comment_status":"closed","ping_status":"closed","sticky":false,"template":"","format":"standard","meta":{"footnotes":""},"categories":[1],"tags":[],"class_list":{"0":"post-306706","1":"post","2":"type-post","3":"status-publish","4":"format-standard","5":"has-post-thumbnail","7":"category-uncategorized-sq"},"_links":{"self":[{"href":"https:\/\/zjarr.tv\/sq\/wp-json\/wp\/v2\/posts\/306706","targetHints":{"allow":["GET"]}}],"collection":[{"href":"https:\/\/zjarr.tv\/sq\/wp-json\/wp\/v2\/posts"}],"about":[{"href":"https:\/\/zjarr.tv\/sq\/wp-json\/wp\/v2\/types\/post"}],"author":[{"embeddable":true,"href":"https:\/\/zjarr.tv\/sq\/wp-json\/wp\/v2\/users\/2039"}],"replies":[{"embeddable":true,"href":"https:\/\/zjarr.tv\/sq\/wp-json\/wp\/v2\/comments?post=306706"}],"version-history":[{"count":0,"href":"https:\/\/zjarr.tv\/sq\/wp-json\/wp\/v2\/posts\/306706\/revisions"}],"wp:featuredmedia":[{"embeddable":true,"href":"https:\/\/zjarr.tv\/sq\/wp-json\/wp\/v2\/media\/306707"}],"wp:attachment":[{"href":"https:\/\/zjarr.tv\/sq\/wp-json\/wp\/v2\/media?parent=306706"}],"wp:term":[{"taxonomy":"category","embeddable":true,"href":"https:\/\/zjarr.tv\/sq\/wp-json\/wp\/v2\/categories?post=306706"},{"taxonomy":"post_tag","embeddable":true,"href":"https:\/\/zjarr.tv\/sq\/wp-json\/wp\/v2\/tags?post=306706"}],"curies":[{"name":"wp","href":"https:\/\/api.w.org\/{rel}","templated":true}]}}