{"id":306719,"date":"2022-12-20T21:32:42","date_gmt":"2022-12-20T20:32:42","guid":{"rendered":"https:\/\/zjarr.tv\/?p=306719"},"modified":"2022-12-20T21:32:42","modified_gmt":"2022-12-20T20:32:42","slug":"alibeaj-mbledh-me-urgjence-grupin-parlamentar-te-partise-demokratike-zyrtare-vendoset-qe-te-bojkotojne","status":"publish","type":"post","link":"https:\/\/zjarr.tv\/sq\/alibeaj-mbledh-me-urgjence-grupin-parlamentar-te-partise-demokratike-zyrtare-vendoset-qe-te-bojkotojne\/","title":{"rendered":"Alibeaj mbledh me urgjenc\u00eb Grupin Parlamentar t\u00eb Partis\u00eb Demokratike \u201cZyrtare\u201d: Vendoset q\u00eb t\u00eb bojkotojn\u00eb\u2026"},"content":{"rendered":"<figure><img decoding=\"async\" src=\"https:\/\/i.imgur.com\/l7bgfeN.jpg\"><\/figure>\n<figure><img decoding=\"async\" src=\"https:\/\/i.imgur.com\/l7bgfeN.jpg\"><\/figure>\n<figure><img decoding=\"async\" src=\"https:\/\/i.imgur.com\/l7bgfeN.jpg\"><\/figure>\n<figure><img decoding=\"async\" src=\"https:\/\/i.imgur.com\/l7bgfeN.jpg\"><\/figure>\n<figure><img decoding=\"async\" src=\"https:\/\/i.imgur.com\/l7bgfeN.jpg\"><\/figure>\n<p> Gjat\u00eb dit\u00ebs s\u00eb sotme n\u00eb shum\u00eb medie u fol se Partia Demokratike zyrtare do t\u2019i bashkonte votat me mazhoranc\u00ebn p\u00ebr t\u00eb em\u00ebruar Ardian Dvoranin an\u00ebtar t\u00eb Gjykat\u00ebs Kushtetuese.<\/p>\n<figure><img decoding=\"async\" src=\"https:\/\/i.imgur.com\/l7bgfeN.jpg\"><\/figure>\n<figure><img decoding=\"async\" src=\"https:\/\/i.imgur.com\/l7bgfeN.jpg\"><\/figure>\n<figure><img decoding=\"async\" src=\"https:\/\/i.imgur.com\/l7bgfeN.jpg\"><\/figure>\n<figure><img decoding=\"async\" src=\"https:\/\/i.imgur.com\/l7bgfeN.jpg\"><\/figure>\n<figure><img decoding=\"async\" src=\"https:\/\/i.imgur.com\/l7bgfeN.jpg\"><\/figure>\n<p>Por burime nga grupi parlamentar i Partis\u00eb Demokratike b\u00ebjn\u00eb me dije se kandidatura e Ardian Dvoranit \u00ebsht\u00eb e papranueshme p\u00ebr n\u00eb Gjykat\u00ebn Kushtetuese.<\/p>\n<figure><img decoding=\"async\" src=\"https:\/\/i.imgur.com\/l7bgfeN.jpg\"><\/figure>\n<figure><img decoding=\"async\" src=\"https:\/\/i.imgur.com\/l7bgfeN.jpg\"><\/figure>\n<figure><img decoding=\"async\" src=\"https:\/\/i.imgur.com\/l7bgfeN.jpg\"><\/figure>\n<figure><img decoding=\"async\" src=\"https:\/\/i.imgur.com\/l7bgfeN.jpg\"><\/figure>\n<figure><img decoding=\"async\" src=\"https:\/\/i.imgur.com\/l7bgfeN.jpg\"><\/figure>\n<figure><img decoding=\"async\" src=\"https:\/\/i.imgur.com\/l7bgfeN.jpg\"><\/figure>\n<figure><img decoding=\"async\" src=\"https:\/\/i.imgur.com\/l7bgfeN.jpg\"><\/figure>\n<figure><img decoding=\"async\" src=\"https:\/\/i.imgur.com\/l7bgfeN.jpg\"><\/figure>\n<figure><img decoding=\"async\" src=\"https:\/\/i.imgur.com\/l7bgfeN.jpg\"><\/figure>\n<figure><img decoding=\"async\" src=\"https:\/\/i.imgur.com\/l7bgfeN.jpg\"><\/figure>\n<p>N\u00eb mbledhjen e sotme t\u00eb Grupit Parlamentar, pas sqarimeve t\u00eb dh\u00ebna p\u00ebr problemet n\u00eb procedur\u00ebn kushtetuese t\u00eb p\u00ebrzgjedhjes, Grupi Parlamentar i Partis\u00eb Demokratike ka marr\u00eb vendim p\u00ebr t\u00eb mos marr\u00eb pjes\u00eb n\u00eb votimin p\u00ebr an\u00ebtarin e Gjykat\u00ebs Kushtetuese.<\/p>\n<figure><img decoding=\"async\" src=\"https:\/\/i.imgur.com\/l7bgfeN.jpg\"><\/figure>\n<figure><img decoding=\"async\" src=\"https:\/\/i.imgur.com\/l7bgfeN.jpg\"><\/figure>\n<figure><img decoding=\"async\" src=\"https:\/\/i.imgur.com\/l7bgfeN.jpg\"><\/figure>\n<figure><img decoding=\"async\" src=\"https:\/\/i.imgur.com\/l7bgfeN.jpg\"><\/figure>\n<figure><img decoding=\"async\" src=\"https:\/\/i.imgur.com\/l7bgfeN.jpg\"><\/figure>\n<p>Sipas Kushtetut\u00ebs, n\u00ebse opozita nuk merr pjes\u00eb n\u00eb votim, kandidatura e renditur e para, n\u00eb k\u00ebt\u00eb rast Marjana Semini p\u00ebrzgjidhet automatikisht an\u00ebtare e Gjykat\u00ebs Kushtetuese.<\/p>\n","protected":false},"excerpt":{"rendered":"<p>Gjat\u00eb dit\u00ebs s\u00eb sotme n\u00eb shum\u00eb medie u fol se Partia Demokratike zyrtare do t\u2019i bashkonte votat me mazhoranc\u00ebn p\u00ebr t\u00eb em\u00ebruar Ardian Dvoranin an\u00ebtar t\u00eb Gjykat\u00ebs Kushtetuese. Por burime nga grupi parlamentar i Partis\u00eb Demokratike b\u00ebjn\u00eb me dije se kandidatura e Ardian Dvoranit \u00ebsht\u00eb e papranueshme p\u00ebr n\u00eb Gjykat\u00ebn Kushtetuese. N\u00eb mbledhjen e sotme [&hellip;]<\/p>\n","protected":false},"author":2039,"featured_media":306720,"comment_status":"closed","ping_status":"closed","sticky":false,"template":"","format":"standard","meta":{"footnotes":""},"categories":[1454,235],"tags":[],"class_list":{"0":"post-306719","1":"post","2":"type-post","3":"status-publish","4":"format-standard","5":"has-post-thumbnail","7":"category-politike","8":"category-vendi"},"_links":{"self":[{"href":"https:\/\/zjarr.tv\/sq\/wp-json\/wp\/v2\/posts\/306719","targetHints":{"allow":["GET"]}}],"collection":[{"href":"https:\/\/zjarr.tv\/sq\/wp-json\/wp\/v2\/posts"}],"about":[{"href":"https:\/\/zjarr.tv\/sq\/wp-json\/wp\/v2\/types\/post"}],"author":[{"embeddable":true,"href":"https:\/\/zjarr.tv\/sq\/wp-json\/wp\/v2\/users\/2039"}],"replies":[{"embeddable":true,"href":"https:\/\/zjarr.tv\/sq\/wp-json\/wp\/v2\/comments?post=306719"}],"version-history":[{"count":0,"href":"https:\/\/zjarr.tv\/sq\/wp-json\/wp\/v2\/posts\/306719\/revisions"}],"wp:featuredmedia":[{"embeddable":true,"href":"https:\/\/zjarr.tv\/sq\/wp-json\/wp\/v2\/media\/306720"}],"wp:attachment":[{"href":"https:\/\/zjarr.tv\/sq\/wp-json\/wp\/v2\/media?parent=306719"}],"wp:term":[{"taxonomy":"category","embeddable":true,"href":"https:\/\/zjarr.tv\/sq\/wp-json\/wp\/v2\/categories?post=306719"},{"taxonomy":"post_tag","embeddable":true,"href":"https:\/\/zjarr.tv\/sq\/wp-json\/wp\/v2\/tags?post=306719"}],"curies":[{"name":"wp","href":"https:\/\/api.w.org\/{rel}","templated":true}]}}