{"id":306732,"date":"2022-12-21T07:53:49","date_gmt":"2022-12-21T06:53:49","guid":{"rendered":"https:\/\/zjarr.tv\/?p=306732"},"modified":"2022-12-21T07:54:59","modified_gmt":"2022-12-21T06:54:59","slug":"agjenti-qe-i-bente-xhiro-me-makine-nxjerr-emrat-kush-e-mbronte-ervis-martinajn","status":"publish","type":"post","link":"https:\/\/zjarr.tv\/sq\/agjenti-qe-i-bente-xhiro-me-makine-nxjerr-emrat-kush-e-mbronte-ervis-martinajn\/","title":{"rendered":"Flet Agjenti q\u00eb i b\u00ebnte xhiro me makin\u00eb nxjerr emrat! Kush e mbronte Ervis Martinajn?"},"content":{"rendered":"<figure><img decoding=\"async\" src=\"https:\/\/i.imgur.com\/l7bgfeN.jpg\"><\/figure>\n<figure><img decoding=\"async\" src=\"https:\/\/i.imgur.com\/l7bgfeN.jpg\"><\/figure>\n<figure><img decoding=\"async\" src=\"https:\/\/i.imgur.com\/l7bgfeN.jpg\"><\/figure>\n<figure><img decoding=\"async\" src=\"https:\/\/i.imgur.com\/l7bgfeN.jpg\"><\/figure>\n<figure><img decoding=\"async\" src=\"https:\/\/i.imgur.com\/l7bgfeN.jpg\"><\/figure>\n<p> Gazetarja Doriana Bezat deklaroi se agjenti i policis\u00eb Jeton Lami q\u00eb \u00ebsht\u00eb pas hekurave ka treguar emrat e polic\u00ebve dhe shefave q\u00eb mbronin Ervis Martinajn nga arrestimi.<\/p>\n<figure><img decoding=\"async\" src=\"https:\/\/i.imgur.com\/l7bgfeN.jpg\"><\/figure>\n<figure><img decoding=\"async\" src=\"https:\/\/i.imgur.com\/l7bgfeN.jpg\"><\/figure>\n<figure><img decoding=\"async\" src=\"https:\/\/i.imgur.com\/l7bgfeN.jpg\"><\/figure>\n<figure><img decoding=\"async\" src=\"https:\/\/i.imgur.com\/l7bgfeN.jpg\"><\/figure>\n<figure><img decoding=\"async\" src=\"https:\/\/i.imgur.com\/l7bgfeN.jpg\"><\/figure>\n<p>\u201cNj\u00eb pik\u00eb e vlefshme \u00ebsht\u00eb Jeton Lami. Ka informacione se ai ka dh\u00ebn\u00eb nj\u00eb d\u00ebshmi, jo vet\u00ebm p\u00ebr rastin Martinaj, por edhe p\u00ebr tentakulat e krimit q\u00eb kan\u00eb kapur personazhe t\u00eb caktuar n\u00eb policin\u00eb e shtetit. Kush i jepte mbrojtje Ervis Martinajt q\u00eb t\u00eb l\u00ebvizte lirisht?<\/p>\n<figure><img decoding=\"async\" src=\"https:\/\/i.imgur.com\/l7bgfeN.jpg\"><\/figure>\n<figure><img decoding=\"async\" src=\"https:\/\/i.imgur.com\/l7bgfeN.jpg\"><\/figure>\n<figure><img decoding=\"async\" src=\"https:\/\/i.imgur.com\/l7bgfeN.jpg\"><\/figure>\n<figure><img decoding=\"async\" src=\"https:\/\/i.imgur.com\/l7bgfeN.jpg\"><\/figure>\n<figure><img decoding=\"async\" src=\"https:\/\/i.imgur.com\/l7bgfeN.jpg\"><\/figure>\n<p>Sigurisht nuk mund ta b\u00ebnte nj\u00eb polic i vet\u00ebm si Jeton Lami. Sigurisht q\u00eb ai ka pasur edhe mb\u00ebshtetje t\u00eb tjera\u201d. K\u00ebshtu deklaroi mbr\u00ebm\u00eb gazetarja Doriana Bezat n\u00eb \u201cTop Story\u201d p\u00ebr rastin e zhdukjes s\u00eb Ervis Martinajt.<\/p>\n<figure><img decoding=\"async\" src=\"https:\/\/i.imgur.com\/l7bgfeN.jpg\"><\/figure>\n<figure><img decoding=\"async\" src=\"https:\/\/i.imgur.com\/l7bgfeN.jpg\"><\/figure>\n<figure><img decoding=\"async\" src=\"https:\/\/i.imgur.com\/l7bgfeN.jpg\"><\/figure>\n<figure><img decoding=\"async\" src=\"https:\/\/i.imgur.com\/l7bgfeN.jpg\"><\/figure>\n<figure><img decoding=\"async\" src=\"https:\/\/i.imgur.com\/l7bgfeN.jpg\"><\/figure>\n<p>\u201cVrasja e Martianjt, a ka korrelacion me uljen e vrasjeve n\u00eb t\u00ebr\u00ebsi?\u201d.<\/p>\n<p>Ngriti pyetjen drejtuesja e emisionit Grida Duma, por gazetarja nd\u00ebrhyri duke th\u00ebn\u00eb se \u201cnuk mund t\u00eb themi se kemi t\u00eb b\u00ebjm\u00eb me nj\u00eb vrasje p\u00ebr sa koh\u00eb institucionet nuk jan\u00eb shprehur p\u00ebr rastin Martinaj.<\/p>\n<figure><img decoding=\"async\" src=\"https:\/\/i.imgur.com\/l7bgfeN.jpg\"><\/figure>\n<figure><img decoding=\"async\" src=\"https:\/\/i.imgur.com\/l7bgfeN.jpg\"><\/figure>\n<figure><img decoding=\"async\" src=\"https:\/\/i.imgur.com\/l7bgfeN.jpg\"><\/figure>\n<figure><img decoding=\"async\" src=\"https:\/\/i.imgur.com\/l7bgfeN.jpg\"><\/figure>\n<figure><img decoding=\"async\" src=\"https:\/\/i.imgur.com\/l7bgfeN.jpg\"><\/figure>\n<p>\u00cbsht\u00eb enigm\u00eb. Nuk dihet n\u00ebse kemi t\u00eb b\u00ebjm\u00eb me zhdukje personi, inskenim apo vrasje\u201d.<br \/>\n@Top Story<\/p>\n","protected":false},"excerpt":{"rendered":"<p>Gazetarja Doriana Bezat deklaroi se agjenti i policis\u00eb Jeton Lami q\u00eb \u00ebsht\u00eb pas hekurave ka treguar emrat e polic\u00ebve dhe shefave q\u00eb mbronin Ervis Martinajn nga arrestimi. \u201cNj\u00eb pik\u00eb e vlefshme \u00ebsht\u00eb Jeton Lami. Ka informacione se ai ka dh\u00ebn\u00eb nj\u00eb d\u00ebshmi, jo vet\u00ebm p\u00ebr rastin Martinaj, por edhe p\u00ebr tentakulat e krimit q\u00eb kan\u00eb [&hellip;]<\/p>\n","protected":false},"author":2039,"featured_media":306733,"comment_status":"closed","ping_status":"closed","sticky":false,"template":"","format":"standard","meta":{"footnotes":""},"categories":[235],"tags":[],"class_list":{"0":"post-306732","1":"post","2":"type-post","3":"status-publish","4":"format-standard","5":"has-post-thumbnail","7":"category-vendi"},"_links":{"self":[{"href":"https:\/\/zjarr.tv\/sq\/wp-json\/wp\/v2\/posts\/306732","targetHints":{"allow":["GET"]}}],"collection":[{"href":"https:\/\/zjarr.tv\/sq\/wp-json\/wp\/v2\/posts"}],"about":[{"href":"https:\/\/zjarr.tv\/sq\/wp-json\/wp\/v2\/types\/post"}],"author":[{"embeddable":true,"href":"https:\/\/zjarr.tv\/sq\/wp-json\/wp\/v2\/users\/2039"}],"replies":[{"embeddable":true,"href":"https:\/\/zjarr.tv\/sq\/wp-json\/wp\/v2\/comments?post=306732"}],"version-history":[{"count":0,"href":"https:\/\/zjarr.tv\/sq\/wp-json\/wp\/v2\/posts\/306732\/revisions"}],"wp:featuredmedia":[{"embeddable":true,"href":"https:\/\/zjarr.tv\/sq\/wp-json\/wp\/v2\/media\/306733"}],"wp:attachment":[{"href":"https:\/\/zjarr.tv\/sq\/wp-json\/wp\/v2\/media?parent=306732"}],"wp:term":[{"taxonomy":"category","embeddable":true,"href":"https:\/\/zjarr.tv\/sq\/wp-json\/wp\/v2\/categories?post=306732"},{"taxonomy":"post_tag","embeddable":true,"href":"https:\/\/zjarr.tv\/sq\/wp-json\/wp\/v2\/tags?post=306732"}],"curies":[{"name":"wp","href":"https:\/\/api.w.org\/{rel}","templated":true}]}}