{"id":306745,"date":"2022-12-21T09:10:32","date_gmt":"2022-12-21T08:10:32","guid":{"rendered":"https:\/\/zjarr.tv\/?p=306745"},"modified":"2022-12-21T09:10:32","modified_gmt":"2022-12-21T08:10:32","slug":"elsa-lila-rikthehet-pas-25-vitesh-ne-festivalin-e-kenges-me-dedikim-per-te-bijen","status":"publish","type":"post","link":"https:\/\/zjarr.tv\/sq\/elsa-lila-rikthehet-pas-25-vitesh-ne-festivalin-e-kenges-me-dedikim-per-te-bijen\/","title":{"rendered":"Elsa Lila rikthehet pas 25 vitesh n\u00eb Festivalin e K\u00ebng\u00ebs, me dedikim p\u00ebr t\u00eb bij\u00ebn"},"content":{"rendered":"<p>K\u00ebng\u00ebtarja e njohur Elsa Lila \u00ebsht\u00eb rikthyer n\u00eb sken\u00ebn e Festivalit t\u00eb K\u00ebng\u00ebs n\u00eb RTSH, pas 25 vitesh. Mbr\u00ebmja e dyt\u00eb e tij eventi, ka kulmuar mes t\u00eb tjerash dhe me rikthimin e Lil\u00ebs, pas problemeve me drejt\u00ebsin\u00eb italiane, m\u00eb her\u00ebt k\u00ebt\u00eb vit.<\/p>\n<p>Elsa Lila ka zgjedhur t\u00eb q\u00ebndroj\u00eb e heshtur para performanc\u00ebs, por si\u00e7 konfirmoi moderatorja Arbana Osmani, k\u00ebnga \u201cEvita\u201d me t\u00eb cil\u00ebn ajo merr pjes\u00eb n\u00eb festival, i dedikohet s\u00eb bij\u00ebs q\u00eb mban k\u00ebt\u00eb em\u00ebr. Evita, \u00ebsht\u00eb gjithashtu e pranishme n\u00eb Pallatin e Kongreseve.<\/p>\n<p>K\u00ebng\u00ebtarja \u00ebsht\u00eb edhe autore e tekstit prek\u00ebs ku shpreh pritjen e g\u00ebzimin p\u00ebr lindjen e s\u00eb bij\u00ebs. Ajo zgjodhi p\u00ebr k\u00ebt\u00eb performanc\u00eb dirigjentin italian Enrico Melozzi, q\u00eb si\u00e7 n\u00ebnvizoi Osmani, vjen nga Sanremo.<\/p>\n<p>Publiku i Festivalit t\u00eb K\u00ebng\u00ebs e mir\u00ebpriti k\u00ebng\u00ebn e saj dhe e shp\u00ebrbleu me druartokitje, q\u00eb zgjat\u00ebn p\u00ebr rreth 2-3 minuta.<\/p>\n","protected":false},"excerpt":{"rendered":"<p>K\u00ebng\u00ebtarja e njohur Elsa Lila \u00ebsht\u00eb rikthyer n\u00eb sken\u00ebn e Festivalit t\u00eb K\u00ebng\u00ebs n\u00eb RTSH, pas 25 vitesh. Mbr\u00ebmja e dyt\u00eb e tij eventi, ka kulmuar mes t\u00eb tjerash dhe me rikthimin e Lil\u00ebs, pas problemeve me drejt\u00ebsin\u00eb italiane, m\u00eb her\u00ebt k\u00ebt\u00eb vit. Elsa Lila ka zgjedhur t\u00eb q\u00ebndroj\u00eb e heshtur para performanc\u00ebs, por si\u00e7 [&hellip;]<\/p>\n","protected":false},"author":2031,"featured_media":306746,"comment_status":"closed","ping_status":"closed","sticky":false,"template":"","format":"standard","meta":{"footnotes":""},"categories":[231],"tags":[],"class_list":{"0":"post-306745","1":"post","2":"type-post","3":"status-publish","4":"format-standard","5":"has-post-thumbnail","7":"category-lajme"},"_links":{"self":[{"href":"https:\/\/zjarr.tv\/sq\/wp-json\/wp\/v2\/posts\/306745","targetHints":{"allow":["GET"]}}],"collection":[{"href":"https:\/\/zjarr.tv\/sq\/wp-json\/wp\/v2\/posts"}],"about":[{"href":"https:\/\/zjarr.tv\/sq\/wp-json\/wp\/v2\/types\/post"}],"author":[{"embeddable":true,"href":"https:\/\/zjarr.tv\/sq\/wp-json\/wp\/v2\/users\/2031"}],"replies":[{"embeddable":true,"href":"https:\/\/zjarr.tv\/sq\/wp-json\/wp\/v2\/comments?post=306745"}],"version-history":[{"count":0,"href":"https:\/\/zjarr.tv\/sq\/wp-json\/wp\/v2\/posts\/306745\/revisions"}],"wp:featuredmedia":[{"embeddable":true,"href":"https:\/\/zjarr.tv\/sq\/wp-json\/wp\/v2\/media\/306746"}],"wp:attachment":[{"href":"https:\/\/zjarr.tv\/sq\/wp-json\/wp\/v2\/media?parent=306745"}],"wp:term":[{"taxonomy":"category","embeddable":true,"href":"https:\/\/zjarr.tv\/sq\/wp-json\/wp\/v2\/categories?post=306745"},{"taxonomy":"post_tag","embeddable":true,"href":"https:\/\/zjarr.tv\/sq\/wp-json\/wp\/v2\/tags?post=306745"}],"curies":[{"name":"wp","href":"https:\/\/api.w.org\/{rel}","templated":true}]}}