{"id":306764,"date":"2022-12-21T11:28:51","date_gmt":"2022-12-21T10:28:51","guid":{"rendered":"https:\/\/zjarr.tv\/?p=306764"},"modified":"2022-12-21T11:28:51","modified_gmt":"2022-12-21T10:28:51","slug":"paralajmerimi-per-trazira-spaho-nuk-kalon-thjeshte-nese-gjykata-favorizon-alibeajn-per-statutin-e-pd","status":"publish","type":"post","link":"https:\/\/zjarr.tv\/sq\/paralajmerimi-per-trazira-spaho-nuk-kalon-thjeshte-nese-gjykata-favorizon-alibeajn-per-statutin-e-pd\/","title":{"rendered":"Paralajm\u00ebrimi p\u00ebr trazira?!\/ Spaho: Nuk kalon thjesht\u00eb n\u00ebse gjykata favorizon Alibeajn p\u00ebr statutin e PD"},"content":{"rendered":"<p>Deputeti i Rithemelimit Edmond Spaho \u00ebsht\u00eb shprehur pas shtyrjes s\u00eb seanc\u00ebs gjyq\u00ebsore p\u00ebr sa i p\u00ebrket \u00e7\u00ebshtjes p\u00ebr statutin e PD-s\u00eb, t\u00eb ankimuar nga opozita, duke th\u00ebn\u00eb se mund t\u00eb ket\u00eb trazira. Gjat\u00eb nj\u00eb interviste p\u00ebr &#8220;A2CNN&#8221;, ai ka paralaj\u00ebmruar se nuk do ta kaloj\u00eb thjesht\u00eb situat\u00ebn n\u00ebse vendos n\u00eb favor t\u00eb Alibeajt, pasi sipas tij mund t\u00eb b\u00ebhet shkak p\u00ebr trazira sociale.<\/p>\n<p>Spaho ka deklaruar se prapaskenat e k\u00ebsaj \u00e7\u00ebshtjeje jan\u00eb q\u00eb t\u00eb asgj\u00ebsohet opozita dhe Rama t\u00eb sundoj\u00eb si \u201csulltan i vet\u00ebm\u201d.<\/p>\n<p>\u201c<em>Sot nuk ka njeri q\u00eb ka dyshim se PD-ja \u00ebsht\u00eb grupi i Rithemelimit t\u00eb Berish\u00ebs. 95% e an\u00ebtar\u00ebsis\u00eb s\u00eb dikurshme \u00ebsht\u00eb n\u00eb grupin e Rithemelimit.<\/em><\/p>\n<p><em>Megjithat\u00eb, mos u habisni q\u00eb n\u00ebn presionin politik, t\u00eb merret \u00e7do lloj vendimi. P\u00ebr k\u00ebt\u00eb nuk e v\u00eb dor\u00ebn n\u00eb zjarr. N\u00eb t\u00eb kund\u00ebrt, do t\u00eb jet\u00eb nj\u00eb loj\u00eb me shum\u00eb p\u00ebrgjegj\u00ebsi, n\u00eb radh\u00eb t\u00eb par\u00eb e Edi Ram\u00ebs dhe pastaj edhe e gjykat\u00ebs pasi nuk ka p\u00ebr t\u00eb kaluar kaq thjesht, madje, mund t\u00eb jet\u00eb shkak p\u00ebr trazira sociale.<\/em><\/p>\n<p><em>Po flitet p\u00ebr simbolet e nj\u00eb partie politike dhe p\u00ebr t\u00eb asgj\u00ebsuar totalisht opozit\u00ebn. M\u00eb pas, Rama t\u00eb sundoj\u00eb si nj\u00eb sulltan i vet\u00ebm k\u00ebtu.\u201d<\/em>,\u00a0 \u00ebsht\u00eb shprehur Edmond Spaho.<\/p>\n","protected":false},"excerpt":{"rendered":"<p>Deputeti i Rithemelimit Edmond Spaho \u00ebsht\u00eb shprehur pas shtyrjes s\u00eb seanc\u00ebs gjyq\u00ebsore p\u00ebr sa i p\u00ebrket \u00e7\u00ebshtjes p\u00ebr statutin e PD-s\u00eb, t\u00eb ankimuar nga opozita, duke th\u00ebn\u00eb se mund t\u00eb ket\u00eb trazira. Gjat\u00eb nj\u00eb interviste p\u00ebr &#8220;A2CNN&#8221;, ai ka paralaj\u00ebmruar se nuk do ta kaloj\u00eb thjesht\u00eb situat\u00ebn n\u00ebse vendos n\u00eb favor t\u00eb Alibeajt, pasi sipas [&hellip;]<\/p>\n","protected":false},"author":2037,"featured_media":306765,"comment_status":"closed","ping_status":"closed","sticky":false,"template":"","format":"standard","meta":{"footnotes":""},"categories":[241,364,231,1454,235],"tags":[],"class_list":{"0":"post-306764","1":"post","2":"type-post","3":"status-publish","4":"format-standard","5":"has-post-thumbnail","7":"category-aktualitet","8":"category-koment-opinion","9":"category-lajme","10":"category-politike","11":"category-vendi"},"_links":{"self":[{"href":"https:\/\/zjarr.tv\/sq\/wp-json\/wp\/v2\/posts\/306764","targetHints":{"allow":["GET"]}}],"collection":[{"href":"https:\/\/zjarr.tv\/sq\/wp-json\/wp\/v2\/posts"}],"about":[{"href":"https:\/\/zjarr.tv\/sq\/wp-json\/wp\/v2\/types\/post"}],"author":[{"embeddable":true,"href":"https:\/\/zjarr.tv\/sq\/wp-json\/wp\/v2\/users\/2037"}],"replies":[{"embeddable":true,"href":"https:\/\/zjarr.tv\/sq\/wp-json\/wp\/v2\/comments?post=306764"}],"version-history":[{"count":0,"href":"https:\/\/zjarr.tv\/sq\/wp-json\/wp\/v2\/posts\/306764\/revisions"}],"wp:featuredmedia":[{"embeddable":true,"href":"https:\/\/zjarr.tv\/sq\/wp-json\/wp\/v2\/media\/306765"}],"wp:attachment":[{"href":"https:\/\/zjarr.tv\/sq\/wp-json\/wp\/v2\/media?parent=306764"}],"wp:term":[{"taxonomy":"category","embeddable":true,"href":"https:\/\/zjarr.tv\/sq\/wp-json\/wp\/v2\/categories?post=306764"},{"taxonomy":"post_tag","embeddable":true,"href":"https:\/\/zjarr.tv\/sq\/wp-json\/wp\/v2\/tags?post=306764"}],"curies":[{"name":"wp","href":"https:\/\/api.w.org\/{rel}","templated":true}]}}