{"id":306775,"date":"2022-12-21T11:50:49","date_gmt":"2022-12-21T10:50:49","guid":{"rendered":"https:\/\/zjarr.tv\/?p=306775"},"modified":"2022-12-21T11:50:49","modified_gmt":"2022-12-21T10:50:49","slug":"kam-qene-deshmitar-i-vuajtjeve-te-artisteve-drejtori-i-teatrit-kombetar-godina-e-re-i-perket-te-ardhmes","status":"publish","type":"post","link":"https:\/\/zjarr.tv\/sq\/kam-qene-deshmitar-i-vuajtjeve-te-artisteve-drejtori-i-teatrit-kombetar-godina-e-re-i-perket-te-ardhmes\/","title":{"rendered":"\u201cKam qen\u00eb d\u00ebshmitar i vuajtjeve t\u00eb artist\u00ebve\u201d- Drejtori i Teatrit Komb\u00ebtar: Godina e re i p\u00ebrket t\u00eb ardhmes!"},"content":{"rendered":"<p>Drejtori i Teatrit Komb\u00ebtar, Altin Basha i pranish\u00ebm n\u00eb ceremonin\u00eb e nisjes s\u00eb punimeve p\u00ebr nd\u00ebrtimin e Teatrit t\u00eb ri Komb\u00ebtar tha se ky \u00ebsht\u00eb nj\u00eb moment i r\u00ebnd\u00ebsish\u00ebm jo vet\u00ebm p\u00ebr artin dhe kultur\u00ebn, por p\u00ebr gjith\u00eb shoq\u00ebrin\u00eb shqiptare.<\/p>\n<p>Ai u shpreh se ka qen\u00eb d\u00ebshmitar i p\u00ebrpjekjeve t\u00eb vazhdueshme t\u00eb trup\u00ebs s\u00eb Teatrit Komb\u00ebtar, t\u00eb cil\u00ebt, si\u00e7 thekson Basha, tek ajo godin\u00eb nuk gjenin mjetet p\u00ebr t\u00eb b\u00ebr\u00eb artin e tyre.<\/p>\n<p>Sipas tij, nd\u00ebrtimi i Teatrit t\u00eb ri do ti sh\u00ebrbej\u00eb jo vet\u00ebm artist\u00ebve aktual\u00eb, por edhe brezave t\u00eb ardhsh\u00ebm.<\/p>\n<p><em>\u201c\u00cbsht\u00eb nj\u00eb moment p\u00ebr artin dhe kultur\u00ebn shqiptare, por edhe p\u00ebr gjith\u00eb shoq\u00ebrin\u00eb.<\/em><\/p>\n<p><em>Un\u00eb jam nj\u00eb person q\u00eb kam qen\u00eb d\u00ebshmitar i p\u00ebrpjekjeve edhe i vuajtjeve dhe frustrimeve t\u00eb vazhdueshme t\u00eb trup\u00ebs s\u00eb Teatrit Komb\u00ebtar q\u00eb sot nuk jetojn\u00eb m\u00eb q\u00eb tek ajo sall\u00eb nuk gjenin mjetet p\u00ebr t\u00eb b\u00ebr\u00eb artin e tyre. Ata k\u00ebrkonin nj\u00eb zgjidhje q\u00eb t\u00eb ishte e plot\u00eb, e sigurt p\u00ebr t\u00eb ardhmen dhe p\u00ebrfundimtare.<\/em><\/p>\n<p><em>Ky diskutim ka nisur q\u00eb n\u00eb vitet 50. U desh\u00ebn 70-80 vjet q\u00eb d\u00ebshira e tyre t\u00eb kishte nj\u00eb zgjidhje dhe kjo zgjidhje ishte m\u00eb e mira e mundshme p\u00ebr nj\u00eb teat\u00ebr t\u00eb ri, nj\u00eb teat\u00ebr t\u00eb investuar me parat\u00eb e taksapaguesve. Ky teat\u00ebr nuk i p\u00ebrket vet\u00ebm t\u00eb tashmes, por edhe t\u00eb ardhmes.\u201d,<\/em> tha Basha.<\/p>\n","protected":false},"excerpt":{"rendered":"<p>Drejtori i Teatrit Komb\u00ebtar, Altin Basha i pranish\u00ebm n\u00eb ceremonin\u00eb e nisjes s\u00eb punimeve p\u00ebr nd\u00ebrtimin e Teatrit t\u00eb ri Komb\u00ebtar tha se ky \u00ebsht\u00eb nj\u00eb moment i r\u00ebnd\u00ebsish\u00ebm jo vet\u00ebm p\u00ebr artin dhe kultur\u00ebn, por p\u00ebr gjith\u00eb shoq\u00ebrin\u00eb shqiptare. Ai u shpreh se ka qen\u00eb d\u00ebshmitar i p\u00ebrpjekjeve t\u00eb vazhdueshme t\u00eb trup\u00ebs s\u00eb Teatrit [&hellip;]<\/p>\n","protected":false},"author":2037,"featured_media":306776,"comment_status":"closed","ping_status":"closed","sticky":false,"template":"","format":"standard","meta":{"footnotes":""},"categories":[241,364,337,231,235],"tags":[],"class_list":{"0":"post-306775","1":"post","2":"type-post","3":"status-publish","4":"format-standard","5":"has-post-thumbnail","7":"category-aktualitet","8":"category-koment-opinion","9":"category-kulture","10":"category-lajme","11":"category-vendi"},"_links":{"self":[{"href":"https:\/\/zjarr.tv\/sq\/wp-json\/wp\/v2\/posts\/306775","targetHints":{"allow":["GET"]}}],"collection":[{"href":"https:\/\/zjarr.tv\/sq\/wp-json\/wp\/v2\/posts"}],"about":[{"href":"https:\/\/zjarr.tv\/sq\/wp-json\/wp\/v2\/types\/post"}],"author":[{"embeddable":true,"href":"https:\/\/zjarr.tv\/sq\/wp-json\/wp\/v2\/users\/2037"}],"replies":[{"embeddable":true,"href":"https:\/\/zjarr.tv\/sq\/wp-json\/wp\/v2\/comments?post=306775"}],"version-history":[{"count":0,"href":"https:\/\/zjarr.tv\/sq\/wp-json\/wp\/v2\/posts\/306775\/revisions"}],"wp:featuredmedia":[{"embeddable":true,"href":"https:\/\/zjarr.tv\/sq\/wp-json\/wp\/v2\/media\/306776"}],"wp:attachment":[{"href":"https:\/\/zjarr.tv\/sq\/wp-json\/wp\/v2\/media?parent=306775"}],"wp:term":[{"taxonomy":"category","embeddable":true,"href":"https:\/\/zjarr.tv\/sq\/wp-json\/wp\/v2\/categories?post=306775"},{"taxonomy":"post_tag","embeddable":true,"href":"https:\/\/zjarr.tv\/sq\/wp-json\/wp\/v2\/tags?post=306775"}],"curies":[{"name":"wp","href":"https:\/\/api.w.org\/{rel}","templated":true}]}}