{"id":306778,"date":"2022-12-21T11:57:39","date_gmt":"2022-12-21T10:57:39","guid":{"rendered":"https:\/\/zjarr.tv\/?p=306778"},"modified":"2022-12-21T12:38:50","modified_gmt":"2022-12-21T11:38:50","slug":"shehi-i-kemi-bere-dy-peshqeshe-rames","status":"publish","type":"post","link":"https:\/\/zjarr.tv\/sq\/shehi-i-kemi-bere-dy-peshqeshe-rames\/","title":{"rendered":"Shehi: I kemi b\u00ebr\u00eb dy peshqeshe Ram\u00ebs"},"content":{"rendered":"<p>Kryetari i LZHK-s\u00eb Dashamir Shehi i ftuar n\u00eb emisionin \u201cMe Xhaxhiun\u201d n\u00eb Fax News ka komentuar situat\u00ebn politike n\u00eb vend.<br \/>\nAi tha se procesi i primareve n\u00eb PD ishte proces pozitiv dhe nj\u00eb frym\u00eb ndryshe p\u00ebr politikb\u00ebrjen n\u00eb Shqip\u00ebri.<\/p>\n<p>Aleati i Berish\u00ebs u shpreh se tani sfida tjet\u00ebr p\u00ebr PD-n\u00eb \u00ebsht\u00eb t\u00eb tejkaloj\u00eb vertveten dhe t\u00eb fitoj\u00eb zgjedhjet lokale, t\u00eb cilat do mbahen m\u00eb 14 maj.<\/p>\n<p>Shehi theksoi gjithashtu se ideja e tij ka qen\u00eb q\u00eb kandidat\u00ebt p\u00ebr kryetar\u00eb bashkish duhet t\u00eb dilnin p\u00ebrmes procesit t\u00eb sondazheve, por kjo ide e tij duket se nuk u aprovua nga PD-ja, por gjithsesi ai shtoi se kund\u00ebrshari kryesor dhe i vet\u00ebm i opozit\u00ebs \u00ebsht\u00eb Edi Rama.<\/p>\n<figure><img decoding=\"async\" src=\"https:\/\/i.imgur.com\/l7bgfeN.jpg\" \/><\/figure>\n<figure><img decoding=\"async\" src=\"https:\/\/i.imgur.com\/l7bgfeN.jpg\" \/><\/figure>\n<figure><img decoding=\"async\" src=\"https:\/\/i.imgur.com\/l7bgfeN.jpg\" \/><\/figure>\n<figure><img decoding=\"async\" src=\"https:\/\/i.imgur.com\/l7bgfeN.jpg\" \/><\/figure>\n<figure><img decoding=\"async\" src=\"https:\/\/i.imgur.com\/l7bgfeN.jpg\" \/><\/figure>\n<p><strong>Pjes\u00eb nga biseda n\u00eb studio<\/strong><strong>:<\/strong><\/p>\n<p><em>Primaret jan\u00eb di\u00e7ka brenda nj\u00eb partie, primaret jan\u00eb n\u00eb PD ne na duhen nj\u00eb pal\u00eb primare t\u00eb tjera t\u00eb fitojm\u00eb q\u00eb t\u00eb fitojm\u00eb zgjedhjet. PD duhet t\u00eb kap\u00ebrcej\u00eb vetveten, formulimet q\u00eb kisha un\u00eb si duket nuk ju leverdis\u00ebn. Tani ne jemi t\u00eb gjith\u00eb kund\u00ebr Ram\u00ebs ,formula p\u00ebr t\u2019u bashkuar, t\u00eb jemi t\u00eb gjith\u00eb rreth kandidatit p\u00ebr kryetar bashkie.<\/em><\/p>\n<p><em>K\u00ebtu nuk ka m\u00eb parti t\u00eb m\u00ebdha apo t\u00eb vogla, k\u00ebto jan\u00eb zgjedhje administrative dhe mund\u00a0 t\u00eb humben leht\u00eb. Ne i kemi b\u00ebr\u00ebr dy peshqeshe Ram\u00ebs: Tet\u00eb vite m\u00eb par\u00eb q\u00eb u dor\u00ebhoq\u00ebm nga reforma n\u00eb form\u00eb betimi. Dhe e dyta, fatale q\u00eb dol\u00ebm nga zgjedhjet administrative dhe ua dor\u00ebzuam bashkin\u00eb t\u00eb majt\u00ebs. Q\u00eb nga 2008 nuk ka m\u00eb politike n\u00eb vend, nuk prodhohen m\u00eb parti. Kto q\u00eb jan\u00eb n\u00eb pushtet e kan\u00eb mbushur kup\u00ebn.<\/em><\/p>\n","protected":false},"excerpt":{"rendered":"<p>Kryetari i LZHK-s\u00eb Dashamir Shehi i ftuar n\u00eb emisionin \u201cMe Xhaxhiun\u201d n\u00eb Fax News ka komentuar situat\u00ebn politike n\u00eb vend. Ai tha se procesi i primareve n\u00eb PD ishte proces pozitiv dhe nj\u00eb frym\u00eb ndryshe p\u00ebr politikb\u00ebrjen n\u00eb Shqip\u00ebri. Aleati i Berish\u00ebs u shpreh se tani sfida tjet\u00ebr p\u00ebr PD-n\u00eb \u00ebsht\u00eb t\u00eb tejkaloj\u00eb vertveten dhe [&hellip;]<\/p>\n","protected":false},"author":2037,"featured_media":180613,"comment_status":"closed","ping_status":"closed","sticky":false,"template":"","format":"standard","meta":{"footnotes":""},"categories":[241,364,231,1454,235],"tags":[],"class_list":{"0":"post-306778","1":"post","2":"type-post","3":"status-publish","4":"format-standard","5":"has-post-thumbnail","7":"category-aktualitet","8":"category-koment-opinion","9":"category-lajme","10":"category-politike","11":"category-vendi"},"_links":{"self":[{"href":"https:\/\/zjarr.tv\/sq\/wp-json\/wp\/v2\/posts\/306778","targetHints":{"allow":["GET"]}}],"collection":[{"href":"https:\/\/zjarr.tv\/sq\/wp-json\/wp\/v2\/posts"}],"about":[{"href":"https:\/\/zjarr.tv\/sq\/wp-json\/wp\/v2\/types\/post"}],"author":[{"embeddable":true,"href":"https:\/\/zjarr.tv\/sq\/wp-json\/wp\/v2\/users\/2037"}],"replies":[{"embeddable":true,"href":"https:\/\/zjarr.tv\/sq\/wp-json\/wp\/v2\/comments?post=306778"}],"version-history":[{"count":0,"href":"https:\/\/zjarr.tv\/sq\/wp-json\/wp\/v2\/posts\/306778\/revisions"}],"wp:featuredmedia":[{"embeddable":true,"href":"https:\/\/zjarr.tv\/sq\/wp-json\/wp\/v2\/media\/180613"}],"wp:attachment":[{"href":"https:\/\/zjarr.tv\/sq\/wp-json\/wp\/v2\/media?parent=306778"}],"wp:term":[{"taxonomy":"category","embeddable":true,"href":"https:\/\/zjarr.tv\/sq\/wp-json\/wp\/v2\/categories?post=306778"},{"taxonomy":"post_tag","embeddable":true,"href":"https:\/\/zjarr.tv\/sq\/wp-json\/wp\/v2\/tags?post=306778"}],"curies":[{"name":"wp","href":"https:\/\/api.w.org\/{rel}","templated":true}]}}