{"id":306795,"date":"2022-12-21T13:27:33","date_gmt":"2022-12-21T12:27:33","guid":{"rendered":"https:\/\/zjarr.tv\/?p=306795"},"modified":"2022-12-21T13:27:33","modified_gmt":"2022-12-21T12:27:33","slug":"duartrokitjet-per-altin-dumanin-jane-te-parakohshme","status":"publish","type":"post","link":"https:\/\/zjarr.tv\/sq\/duartrokitjet-per-altin-dumanin-jane-te-parakohshme\/","title":{"rendered":"Duartrokitjet p\u00ebr Altin Dumanin jan\u00eb t\u00eb parakohshme"},"content":{"rendered":"<p><strong>Nga Denis Dyrnaja<\/strong><\/p>\n<figure><img decoding=\"async\" src=\"https:\/\/i.imgur.com\/l7bgfeN.jpg\" \/><\/figure>\n<figure><img decoding=\"async\" src=\"https:\/\/i.imgur.com\/l7bgfeN.jpg\" \/><\/figure>\n<figure><img decoding=\"async\" src=\"https:\/\/i.imgur.com\/l7bgfeN.jpg\" \/><\/figure>\n<figure><img decoding=\"async\" src=\"https:\/\/i.imgur.com\/l7bgfeN.jpg\" \/><\/figure>\n<figure><img decoding=\"async\" src=\"https:\/\/i.imgur.com\/l7bgfeN.jpg\" \/><\/figure>\n<p>Me shpejt\u00ebsin\u00eb e er\u00ebs po qarkullon n\u00ebp\u00ebr mediat online lajmi se kreu i ri i sapozgjedhur i Prokuroris\u00eb s\u00eb Posa\u00e7me kund\u00ebr krimit t\u00eb organizuar dhe korrupsionit Altin Dumani, jeton n\u00eb nj\u00eb apartament t\u00eb nd\u00ebrtuar me parafabrikat.<\/p>\n<p>Ka patur plot gjyqtar\u00eb e prokuror\u00eb n\u00eb t\u00eb shkuar\u00ebn e af\u00ebrt q\u00eb b\u00ebnin nj\u00eb jet\u00eb modeste me makina shum\u00eb t\u00eb thjeshta, madje udh\u00ebtonin edhe n\u00eb k\u00ebmb\u00eb p\u00ebr t\u00eb mos r\u00ebn\u00eb n\u00eb sy, por hetimet zbuluan pasuri marramend\u00ebse t\u00eb tyre, q\u00eb kryesisht pretendonin se i kishin t\u00eb dhuruara nga fisi ose bashk\u00ebfamiljar\u00ebt bujar\u00eb, q\u00eb \u00e7udit\u00ebrisht nuk i donin p\u00ebr vete prona e para cash, por kishin vendosur t\u2019i ndanin pik\u00ebrisht me t\u00eb af\u00ebrmit e tyre. Altruiz\u00ebm i papar\u00eb.<\/p>\n<p>P\u00ebr \u00e7udi ky fenomen dhurimi ishte specifikisht i p\u00ebrhapur vet\u00ebm n\u00eb k\u00ebto dy kategori n\u00eb Shqip\u00ebri, prokuror\u00eb e gjyqtar\u00eb, se pjesa tjet\u00ebr d\u00ebrrmuese e shqiptar\u00ebve jan\u00eb pik\u00ebrisht n\u00ebp\u00ebr gjykata p\u00ebr sherret q\u00eb kan\u00eb mes tyre posa\u00e7\u00ebrisht se nuk i falin gramin e pasuris\u00eb nj\u00ebri tjetrit. Paradoks m\u00eb vete dhe ky. E kan\u00eb qen\u00eb pik\u00ebrisht k\u00ebta njer\u00ebz te drejt\u00ebsis\u00eb, pra koleg\u00ebt e z Dumani q\u00eb duhej t\u2019iu jepnin drejtim k\u00ebtyre mosmarr\u00ebveshjeve pasurore shpesh degraduar edhe me sherre fatale p\u00ebr jet\u00ebn, nd\u00ebrkoh\u00eb q\u00eb vet\u00eb kishin prekur parajs\u00ebn e fatit me familjar\u00eb zem\u00ebrm\u00ebdhenj q\u00eb iu dhuronin atyre troje, apartamente, vila e para cash si shprehje dashurie fisnore.<\/p>\n<figure><img decoding=\"async\" src=\"https:\/\/i.imgur.com\/l7bgfeN.jpg\" \/><\/figure>\n<figure><img decoding=\"async\" src=\"https:\/\/i.imgur.com\/l7bgfeN.jpg\" \/><\/figure>\n<figure><img decoding=\"async\" src=\"https:\/\/i.imgur.com\/l7bgfeN.jpg\" \/><\/figure>\n<figure><img decoding=\"async\" src=\"https:\/\/i.imgur.com\/l7bgfeN.jpg\" \/><\/figure>\n<figure><img decoding=\"async\" src=\"https:\/\/i.imgur.com\/l7bgfeN.jpg\" \/><\/figure>\n<p>Por le t\u2019i kthehemi aktualitetit.<\/p>\n<p>Duke marr\u00eb t\u00eb mir\u00ebqen\u00eb faktin se v\u00ebrtet kreu i SPAK-ut z Dumani jeton n\u00eb m\u00ebnyr\u00eb modeste dhe pa salltanetet e \u201czullumqar\u00ebve t\u00eb hersh\u00ebm dhe rishtar\u00eb\u201d t\u00eb drejt\u00ebsis\u00eb, prova e ndershm\u00ebris\u00eb, integritetit t\u00eb tij nuk \u00ebsht\u00eb fakti se ku jeton, por se si punon. Pra \u00e7far\u00eb rezultatesh do t\u00eb ket\u00eb si prokuror dhe drejtues i SPAK-ut.<\/p>\n<p>P.sh koleg\u00ebt gazetar\u00eb kan\u00eb marr\u00eb informacion se ku banon z Dumani dhe lajmi q\u00eb jeton n\u00eb nj\u00eb apartament modest po p\u00ebrhapet me shpejt\u00ebsi. Por do ishte m\u00eb produktive sikur koleg\u00ebt t\u00eb hapnin dosjet e \u00e7\u00ebshtjeve t\u00eb prokurorit Dumani. Aty p.sh mund t\u00eb gjenden raste korrupsioni t\u00eb pretenduara nga z Dumani p\u00ebr shuma banale deri n\u00eb 1 ml lek\u00eb t\u00eb vjetra q\u00eb jan\u00eb regjistruar si \u00e7\u00ebshtje t\u00eb suksesshme. Por nuk do gjeni dot ndonj\u00eb hetim ministri ose ish ministri t\u00eb korruptuar.<\/p>\n<figure><img decoding=\"async\" src=\"https:\/\/i.imgur.com\/l7bgfeN.jpg\" \/><\/figure>\n<figure><img decoding=\"async\" src=\"https:\/\/i.imgur.com\/l7bgfeN.jpg\" \/><\/figure>\n<figure><img decoding=\"async\" src=\"https:\/\/i.imgur.com\/l7bgfeN.jpg\" \/><\/figure>\n<figure><img decoding=\"async\" src=\"https:\/\/i.imgur.com\/l7bgfeN.jpg\" \/><\/figure>\n<figure><img decoding=\"async\" src=\"https:\/\/i.imgur.com\/l7bgfeN.jpg\" \/><\/figure>\n<p>Nuk do gjeni ndonj\u00eb \u00e7\u00ebshtje t\u00eb p\u00ebrfunduar n\u00eb k\u00ebto 3 vjet me vendim t\u00eb form\u00ebs s\u00eb prer\u00eb konfiskimi pasuror p\u00ebr shum\u00eb prokuror\u00eb apo gjykat\u00ebs me vila, pasuri e para t\u00eb thata, pra p\u00ebrballje me koleg\u00ebt e tij t\u00eb korruptuar. Kjo na thot\u00eb se z. Dumani deri tani duket se ka mbyllur nj\u00ebrin sy, ose ligji \u00ebsht\u00eb p\u00ebrdorur n\u00eb m\u00ebnyr\u00eb selektive.<\/p>\n<p>\u00cbsht\u00eb pik\u00ebrisht kjo prova e ndershm\u00ebris\u00eb, nisja e nd\u00ebshkimit t\u00eb ligjit nga miqt\u00eb e koleg\u00ebt e korruptuar t\u00eb tij n\u00eb nivele t\u00eb larta n\u00eb politik\u00eb e drejt\u00ebsi. Se pas 3 vjet\u00ebsh kur t\u00eb ket\u00eb mbaruar mandatin si kryetar i Prokuroris\u00eb s\u00eb Posa\u00e7me, nuk do b\u00ebjm\u00eb statistikat e parafabrikatit ku banon e si jeton.<\/p>\n<p>Shqiptar\u00ebt kan\u00eb 30 vjet q\u00eb d\u00ebgjojn\u00eb llogje e demagogji me heronj e mite fals p\u00ebr beteja kund\u00ebr korrupsionit, q\u00eb i krijojn\u00eb dhe rr\u00ebzojn\u00eb po vet\u00eb n\u00eb fund.<\/p>\n<p>P\u00ebrtej paragjykimit z Dumani jo si kryetar i SPAK-ut, por si nj\u00eb prej prokuror\u00ebve t\u00eb k\u00ebsaj strukture t\u00eb posa\u00e7me hetimore t\u00eb tregoj\u00eb me fakte e prova reale se p\u00ebrpara ligjit jan\u00eb t\u00eb barabart\u00eb t\u00eb gjith\u00eb. Dhe k\u00ebt\u00eb duhet ta nis\u00eb me koleg\u00ebt dhe ish koleg\u00ebt e tij t\u00eb kamur n\u00eb sistemin e drejt\u00ebsis\u00eb me parat\u00eb e hallexhinjve t\u00eb gjykatave dhe me politikan\u00eb e shtetar\u00eb t\u00eb korruptuar p\u00ebr t\u00eb cil\u00ebt SPAK-u \u00ebsht\u00eb krijuar.<\/p>\n<figure><img decoding=\"async\" src=\"https:\/\/i.imgur.com\/l7bgfeN.jpg\" \/><\/figure>\n<figure><img decoding=\"async\" src=\"https:\/\/i.imgur.com\/l7bgfeN.jpg\" \/><\/figure>\n<figure><img decoding=\"async\" src=\"https:\/\/i.imgur.com\/l7bgfeN.jpg\" \/><\/figure>\n<figure><img decoding=\"async\" src=\"https:\/\/i.imgur.com\/l7bgfeN.jpg\" \/><\/figure>\n<figure><img decoding=\"async\" src=\"https:\/\/i.imgur.com\/l7bgfeN.jpg\" \/><\/figure>\n<p>Faktet jan\u00eb aty t\u00eb kamufluara ose jo. Detyr\u00eb e z Damami dhe e bashk\u00ebpun\u00ebtor\u00ebve t\u00eb tij n\u00eb SPAK, \u00ebsht\u00eb t\u00eb na provoj\u00eb se profesionalisht jan\u00eb t\u00eb aft\u00eb t\u00eb zbulojn\u00eb si u b\u00ebn\u00eb t\u00eb pasur ish-koleg\u00ebt e tij, shumica e t\u00eb cil\u00ebve mbaruan shkolla duke jetuar me sakrifica n\u00eb konvikte e sht\u00ebpi me qira, me pamund\u00ebsi ekstreme p\u00ebr t\u2019u veshur e ushqyer e sot kan\u00eb saraje e pasuri marramend\u00ebse n\u00eb kryeqytet e bregdet.<\/p>\n<p>Duartrokitjet zakonisht vijn\u00eb n\u00eb fund t\u00eb shfaqjes jo n\u00eb fillim t\u00eb saj ndaj t\u2019i rezervojm\u00eb ato p\u00ebr pas 3 vjet\u00ebsh. Shfaqja p\u00ebr z Dumani sapo ka filluar\u2026t\u00eb shohim n\u00ebse do t\u2019i meritoj\u00eb ato. Paraardh\u00ebsi i tij erdhi n\u00eb krye t\u00eb SPAK, pa dhe iku n\u00eb qet\u00ebsi. A do t\u00eb jet\u00eb dhe z Dumani nj\u00ebjt\u00eb si ai?!<\/p>\n<figure><img decoding=\"async\" src=\"https:\/\/i.imgur.com\/l7bgfeN.jpg\" \/><\/figure>\n<figure><img decoding=\"async\" src=\"https:\/\/i.imgur.com\/l7bgfeN.jpg\" \/><\/figure>\n<figure><img decoding=\"async\" src=\"https:\/\/i.imgur.com\/l7bgfeN.jpg\" \/><\/figure>\n<figure><img decoding=\"async\" src=\"https:\/\/i.imgur.com\/l7bgfeN.jpg\" \/><\/figure>\n<figure><img decoding=\"async\" src=\"https:\/\/i.imgur.com\/l7bgfeN.jpg\" \/><\/figure>\n","protected":false},"excerpt":{"rendered":"<p>Nga Denis Dyrnaja Me shpejt\u00ebsin\u00eb e er\u00ebs po qarkullon n\u00ebp\u00ebr mediat online lajmi se kreu i ri i sapozgjedhur i Prokuroris\u00eb s\u00eb Posa\u00e7me kund\u00ebr krimit t\u00eb organizuar dhe korrupsionit Altin Dumani, jeton n\u00eb nj\u00eb apartament t\u00eb nd\u00ebrtuar me parafabrikat. Ka patur plot gjyqtar\u00eb e prokuror\u00eb n\u00eb t\u00eb shkuar\u00ebn e af\u00ebrt q\u00eb b\u00ebnin nj\u00eb jet\u00eb modeste [&hellip;]<\/p>\n","protected":false},"author":2037,"featured_media":306796,"comment_status":"closed","ping_status":"closed","sticky":false,"template":"","format":"standard","meta":{"footnotes":""},"categories":[241,364,5380,231,235],"tags":[],"class_list":{"0":"post-306795","1":"post","2":"type-post","3":"status-publish","4":"format-standard","5":"has-post-thumbnail","7":"category-aktualitet","8":"category-koment-opinion","9":"category-kryesore","10":"category-lajme","11":"category-vendi"},"_links":{"self":[{"href":"https:\/\/zjarr.tv\/sq\/wp-json\/wp\/v2\/posts\/306795","targetHints":{"allow":["GET"]}}],"collection":[{"href":"https:\/\/zjarr.tv\/sq\/wp-json\/wp\/v2\/posts"}],"about":[{"href":"https:\/\/zjarr.tv\/sq\/wp-json\/wp\/v2\/types\/post"}],"author":[{"embeddable":true,"href":"https:\/\/zjarr.tv\/sq\/wp-json\/wp\/v2\/users\/2037"}],"replies":[{"embeddable":true,"href":"https:\/\/zjarr.tv\/sq\/wp-json\/wp\/v2\/comments?post=306795"}],"version-history":[{"count":0,"href":"https:\/\/zjarr.tv\/sq\/wp-json\/wp\/v2\/posts\/306795\/revisions"}],"wp:featuredmedia":[{"embeddable":true,"href":"https:\/\/zjarr.tv\/sq\/wp-json\/wp\/v2\/media\/306796"}],"wp:attachment":[{"href":"https:\/\/zjarr.tv\/sq\/wp-json\/wp\/v2\/media?parent=306795"}],"wp:term":[{"taxonomy":"category","embeddable":true,"href":"https:\/\/zjarr.tv\/sq\/wp-json\/wp\/v2\/categories?post=306795"},{"taxonomy":"post_tag","embeddable":true,"href":"https:\/\/zjarr.tv\/sq\/wp-json\/wp\/v2\/tags?post=306795"}],"curies":[{"name":"wp","href":"https:\/\/api.w.org\/{rel}","templated":true}]}}