{"id":306800,"date":"2022-12-21T14:18:30","date_gmt":"2022-12-21T13:18:30","guid":{"rendered":"https:\/\/zjarr.tv\/?p=306800"},"modified":"2022-12-21T14:18:30","modified_gmt":"2022-12-21T13:18:30","slug":"presidenti-begaj-takim-ne-delvine-kush-ka-nje-detyre-publike-duhet-te-degjoje-qytetarin","status":"publish","type":"post","link":"https:\/\/zjarr.tv\/sq\/presidenti-begaj-takim-ne-delvine-kush-ka-nje-detyre-publike-duhet-te-degjoje-qytetarin\/","title":{"rendered":"Presidenti Begaj takim n\u00eb Delvin\u00eb: Kush ka nj\u00eb detyr\u00eb publike duhet t\u00eb d\u00ebgjoj\u00eb qytetarin"},"content":{"rendered":"<figure><img decoding=\"async\" src=\"https:\/\/i.imgur.com\/l7bgfeN.jpg\"><\/figure>\n<figure><img decoding=\"async\" src=\"https:\/\/i.imgur.com\/l7bgfeN.jpg\"><\/figure>\n<figure><img decoding=\"async\" src=\"https:\/\/i.imgur.com\/l7bgfeN.jpg\"><\/figure>\n<figure><img decoding=\"async\" src=\"https:\/\/i.imgur.com\/l7bgfeN.jpg\"><\/figure>\n<figure><img decoding=\"async\" src=\"https:\/\/i.imgur.com\/l7bgfeN.jpg\"><\/figure>\n<p>Presidenti i Republik\u00ebs, Bajram Begaj, zhvilloi sot nj\u00eb seri takimesh n\u00eb Delvin\u00eb ku u takua me p\u00ebrfaq\u00ebsues t\u00eb pushtetit lokal, t\u00eb biznesit, etj. Gjat\u00eb takimit me Kryetaren e Bashkis\u00eb s\u00eb Delvin\u00ebs, Majlinda Qilimi, Presidenti Begaj u ndal tek sfidat dhe problematikat q\u00eb ka qyteti i Delvin\u00ebs.<\/p>\n<p><em>\u201cDelvina \u00ebsht\u00eb nj\u00eb qytet me vlera n\u00eb historin\u00eb e Shqip\u00ebris\u00eb, me vlera n\u00eb kultur\u00ebn shqiptare dhe vizita ime sot \u00ebsht\u00eb shenj\u00eb e r\u00ebnd\u00ebsis\u00eb q\u00eb ka ky qytet dhe kjo bashki. Me kryetaren diskutuam rreth \u00e7\u00ebshtjeve q\u00eb e shqet\u00ebsojn\u00eb m\u00eb shum\u00eb komunitetin e Delvin\u00ebs, bashkis\u00eb s\u00eb saj. \u00cbsht\u00eb e r\u00ebnd\u00ebsishme q\u00eb \u00e7donj\u00ebri nga ne q\u00eb ka nj\u00eb detyr\u00eb publike duhet t\u00eb d\u00ebgjoj\u00eb qytetarin, t\u00eb kujdeset p\u00ebr shqet\u00ebsimet q\u00eb ata kan\u00eb dhe t\u00eb ndikoj\u00eb n\u00eb mir\u00ebq\u00ebnien e jet\u00ebs s\u00eb qytetarit.\u201d, <\/em>tha Presidenti Begaj.<\/p>\n<p>Presidenti vizitoi gjithashtu dhe Muzeun e Historis\u00eb dhe Etnografis\u00eb t\u00eb Delvin\u00ebs.<\/p>\n<p><em> \u201c\u00cbsht\u00eb nj\u00eb muze i realizuar me kontributin e t\u00eb gjith\u00eb qytetar\u00ebve t\u00eb Delvin\u00ebs. Do t\u00eb doja t\u00eb fal\u00ebnderoja \u00e7donj\u00ebrin prej tyre p\u00ebr kontributin dhe vullnetarizmin n\u00eb k\u00ebt\u00eb promovim t\u00eb vlerave t\u00eb historis\u00eb s\u00eb qytetit t\u00eb Delvin\u00ebs.\u201d,<\/em>tha Presidenti gjat\u00eb prononcimit t\u00eb tij.<\/p>\n<p>Gjat\u00eb ndales\u00ebs n\u00eb Delvin\u00eb, Presidenti realizoi nj\u00eb takim me nj\u00eb biznes t\u00eb zon\u00ebs n\u00eb fush\u00ebn e bim\u00ebve medicinale.<\/p>\n<figure><img decoding=\"async\" src=\"https:\/\/i.imgur.com\/l7bgfeN.jpg\"><\/figure>\n<figure><img decoding=\"async\" src=\"https:\/\/i.imgur.com\/l7bgfeN.jpg\"><\/figure>\n<figure><img decoding=\"async\" src=\"https:\/\/i.imgur.com\/l7bgfeN.jpg\"><\/figure>\n<figure><img decoding=\"async\" src=\"https:\/\/i.imgur.com\/l7bgfeN.jpg\"><\/figure>\n<figure><img decoding=\"async\" src=\"https:\/\/i.imgur.com\/l7bgfeN.jpg\"><\/figure>\n","protected":false},"excerpt":{"rendered":"<p>Presidenti i Republik\u00ebs, Bajram Begaj, zhvilloi sot nj\u00eb seri takimesh n\u00eb Delvin\u00eb ku u takua me p\u00ebrfaq\u00ebsues t\u00eb pushtetit lokal, t\u00eb biznesit, etj. Gjat\u00eb takimit me Kryetaren e Bashkis\u00eb s\u00eb Delvin\u00ebs, Majlinda Qilimi, Presidenti Begaj u ndal tek sfidat dhe problematikat q\u00eb ka qyteti i Delvin\u00ebs. \u201cDelvina \u00ebsht\u00eb nj\u00eb qytet me vlera n\u00eb historin\u00eb e [&hellip;]<\/p>\n","protected":false},"author":2037,"featured_media":306801,"comment_status":"closed","ping_status":"closed","sticky":false,"template":"","format":"standard","meta":{"footnotes":""},"categories":[241,364,231,1454,235],"tags":[],"class_list":{"0":"post-306800","1":"post","2":"type-post","3":"status-publish","4":"format-standard","5":"has-post-thumbnail","7":"category-aktualitet","8":"category-koment-opinion","9":"category-lajme","10":"category-politike","11":"category-vendi"},"_links":{"self":[{"href":"https:\/\/zjarr.tv\/sq\/wp-json\/wp\/v2\/posts\/306800","targetHints":{"allow":["GET"]}}],"collection":[{"href":"https:\/\/zjarr.tv\/sq\/wp-json\/wp\/v2\/posts"}],"about":[{"href":"https:\/\/zjarr.tv\/sq\/wp-json\/wp\/v2\/types\/post"}],"author":[{"embeddable":true,"href":"https:\/\/zjarr.tv\/sq\/wp-json\/wp\/v2\/users\/2037"}],"replies":[{"embeddable":true,"href":"https:\/\/zjarr.tv\/sq\/wp-json\/wp\/v2\/comments?post=306800"}],"version-history":[{"count":0,"href":"https:\/\/zjarr.tv\/sq\/wp-json\/wp\/v2\/posts\/306800\/revisions"}],"wp:featuredmedia":[{"embeddable":true,"href":"https:\/\/zjarr.tv\/sq\/wp-json\/wp\/v2\/media\/306801"}],"wp:attachment":[{"href":"https:\/\/zjarr.tv\/sq\/wp-json\/wp\/v2\/media?parent=306800"}],"wp:term":[{"taxonomy":"category","embeddable":true,"href":"https:\/\/zjarr.tv\/sq\/wp-json\/wp\/v2\/categories?post=306800"},{"taxonomy":"post_tag","embeddable":true,"href":"https:\/\/zjarr.tv\/sq\/wp-json\/wp\/v2\/tags?post=306800"}],"curies":[{"name":"wp","href":"https:\/\/api.w.org\/{rel}","templated":true}]}}