{"id":306805,"date":"2022-12-21T14:28:01","date_gmt":"2022-12-21T13:28:01","guid":{"rendered":"https:\/\/zjarr.tv\/?p=306805"},"modified":"2022-12-21T14:28:01","modified_gmt":"2022-12-21T13:28:01","slug":"pd-ja-perseri-e-percare-ja-ke-mbeshtesin-42-deputete-te-partise-demokratike-per-avokat-te-popullit-ndersa-grupi-i-alibeajt-ka-nje-tjeter-emer-te-njohur","status":"publish","type":"post","link":"https:\/\/zjarr.tv\/sq\/pd-ja-perseri-e-percare-ja-ke-mbeshtesin-42-deputete-te-partise-demokratike-per-avokat-te-popullit-ndersa-grupi-i-alibeajt-ka-nje-tjeter-emer-te-njohur\/","title":{"rendered":"PD-ja p\u00ebrs\u00ebri e p\u00ebr\u00e7ar\u00eb\/ Ja k\u00eb mb\u00ebshtesin 42 deputet\u00eb t\u00eb Partis\u00eb Demokratike p\u00ebr Avokat t\u00eb Popullit, nd\u00ebrsa \u201cgrupi\u201d i Alibeajt ka nj\u00eb tjet\u00ebr em\u00ebr t\u00eb njohur"},"content":{"rendered":"<figure><img decoding=\"async\" src=\"https:\/\/i.imgur.com\/l7bgfeN.jpg\"><\/figure>\n<figure><img decoding=\"async\" src=\"https:\/\/i.imgur.com\/l7bgfeN.jpg\"><\/figure>\n<figure><img decoding=\"async\" src=\"https:\/\/i.imgur.com\/l7bgfeN.jpg\"><\/figure>\n<figure><img decoding=\"async\" src=\"https:\/\/i.imgur.com\/l7bgfeN.jpg\"><\/figure>\n<figure><img decoding=\"async\" src=\"https:\/\/i.imgur.com\/l7bgfeN.jpg\"><\/figure>\n<p>42 deputet\u00ebt t\u00eb PD kan\u00eb shprehur mb\u00ebshtetjen p\u00ebr Ahmet Pren\u00e7in sa i takon kandidatur\u00ebs p\u00ebr Avokatin e Popullit.<br \/>\nNd\u00ebrkoh\u00eb\u00a0sa i takon grupit te Alibeajt\u00a0 \u00ebsht\u00eb arritur n\u00eb m\u00ebnyr\u00eb unanime n\u00eb mb\u00ebshtetjen e dy kandidt\u00ebve Ledio Braho dhe Dorian Gjomarkaj.<\/p>\n<p>N\u00eb grupin e PD zhvilluam disa raunde analize dhe votimi. N\u00eb p\u00ebrfundim t\u00eb k\u00ebtij mekanizmi preferenca e grupit t\u00eb PD \u00ebsht\u00eb zoti Ledio Braho.<\/p>\n","protected":false},"excerpt":{"rendered":"<p>42 deputet\u00ebt t\u00eb PD kan\u00eb shprehur mb\u00ebshtetjen p\u00ebr Ahmet Pren\u00e7in sa i takon kandidatur\u00ebs p\u00ebr Avokatin e Popullit. Nd\u00ebrkoh\u00eb\u00a0sa i takon grupit te Alibeajt\u00a0 \u00ebsht\u00eb arritur n\u00eb m\u00ebnyr\u00eb unanime n\u00eb mb\u00ebshtetjen e dy kandidt\u00ebve Ledio Braho dhe Dorian Gjomarkaj. N\u00eb grupin e PD zhvilluam disa raunde analize dhe votimi. N\u00eb p\u00ebrfundim t\u00eb k\u00ebtij mekanizmi preferenca [&hellip;]<\/p>\n","protected":false},"author":2037,"featured_media":306806,"comment_status":"closed","ping_status":"closed","sticky":false,"template":"","format":"standard","meta":{"footnotes":""},"categories":[241,5380,231,1454,235],"tags":[],"class_list":{"0":"post-306805","1":"post","2":"type-post","3":"status-publish","4":"format-standard","5":"has-post-thumbnail","7":"category-aktualitet","8":"category-kryesore","9":"category-lajme","10":"category-politike","11":"category-vendi"},"_links":{"self":[{"href":"https:\/\/zjarr.tv\/sq\/wp-json\/wp\/v2\/posts\/306805","targetHints":{"allow":["GET"]}}],"collection":[{"href":"https:\/\/zjarr.tv\/sq\/wp-json\/wp\/v2\/posts"}],"about":[{"href":"https:\/\/zjarr.tv\/sq\/wp-json\/wp\/v2\/types\/post"}],"author":[{"embeddable":true,"href":"https:\/\/zjarr.tv\/sq\/wp-json\/wp\/v2\/users\/2037"}],"replies":[{"embeddable":true,"href":"https:\/\/zjarr.tv\/sq\/wp-json\/wp\/v2\/comments?post=306805"}],"version-history":[{"count":0,"href":"https:\/\/zjarr.tv\/sq\/wp-json\/wp\/v2\/posts\/306805\/revisions"}],"wp:featuredmedia":[{"embeddable":true,"href":"https:\/\/zjarr.tv\/sq\/wp-json\/wp\/v2\/media\/306806"}],"wp:attachment":[{"href":"https:\/\/zjarr.tv\/sq\/wp-json\/wp\/v2\/media?parent=306805"}],"wp:term":[{"taxonomy":"category","embeddable":true,"href":"https:\/\/zjarr.tv\/sq\/wp-json\/wp\/v2\/categories?post=306805"},{"taxonomy":"post_tag","embeddable":true,"href":"https:\/\/zjarr.tv\/sq\/wp-json\/wp\/v2\/tags?post=306805"}],"curies":[{"name":"wp","href":"https:\/\/api.w.org\/{rel}","templated":true}]}}