{"id":306810,"date":"2022-12-21T14:37:28","date_gmt":"2022-12-21T13:37:28","guid":{"rendered":"https:\/\/zjarr.tv\/?p=306810"},"modified":"2022-12-21T14:37:28","modified_gmt":"2022-12-21T13:37:28","slug":"do-te-festonte-sot-59-vjetorin-e-lindjes-vdekja-e-papritur-e-gjergj-xhuvanit-dhe-amaneti-i-regjisorit-te-mirenjohur","status":"publish","type":"post","link":"https:\/\/zjarr.tv\/sq\/do-te-festonte-sot-59-vjetorin-e-lindjes-vdekja-e-papritur-e-gjergj-xhuvanit-dhe-amaneti-i-regjisorit-te-mirenjohur\/","title":{"rendered":"Do t\u00eb festonte sot 59-vjetorin e lindjes, vdekja e papritur e Gjergj Xhuvanit dhe amaneti i regjisorit t\u00eb mir\u00ebnjohur."},"content":{"rendered":"<figure><img decoding=\"async\" src=\"https:\/\/i.imgur.com\/l7bgfeN.jpg\"><\/figure>\n<figure><img decoding=\"async\" src=\"https:\/\/i.imgur.com\/l7bgfeN.jpg\"><\/figure>\n<figure><img decoding=\"async\" src=\"https:\/\/i.imgur.com\/l7bgfeN.jpg\"><\/figure>\n<figure><img decoding=\"async\" src=\"https:\/\/i.imgur.com\/l7bgfeN.jpg\"><\/figure>\n<figure><img decoding=\"async\" src=\"https:\/\/i.imgur.com\/l7bgfeN.jpg\"><\/figure>\n<p>Gjergj Xhuvani do t\u00eb kujtohet si nj\u00eb nd\u00ebr artist\u00ebt m\u00eb t\u00eb spikatur t\u00eb sken\u00ebs shqiptare. Skenaristi dhe producenti i mir\u00ebnjohur shqiptar do t\u00eb festonte me 20 dhjetor dit\u00eblindjen e 59, por ai humbi jet\u00ebn 3 vite m\u00eb par\u00eb pasi vuante nga nj\u00eb s\u00ebmundje e r\u00ebnd\u00eb.<\/p>\n<p>Ashtu si\u00e7 do ta \u00ebnd\u00ebrronte \u00e7do artist t\u00eb vdiste n\u00eb sken\u00eb, regjisori Xhuvani, humbi ndjenjat duke xhiruar filmin e ri \u2018Liqeni im\u2019, nj\u00eb bashk\u00ebproduksion italiano-shqiptar.<\/p>\n<p>I diplomuar n\u00eb Akademin\u00eb e Arteve n\u00eb Tiran\u00eb n\u00eb deg\u00ebn e artit dramatik Xhuvani punoi si asistent regjisor n\u00eb shum\u00eb filma nga viti 1986 deri n\u00eb vitin 1990. N\u00eb vitin 1991 ai realizoi filmin e tij t\u00eb par\u00eb \u201cBardh\u00eb e Zi\u201d.<\/p>\n<p>Nd\u00ebrsa pas viteve \u201890 filmat e suksessh\u00ebm si \u201cLindje, Per\u00ebndim, Lindje\u201d, \u201cI dashur Armik\u201d dhe \u201cDashuria e Fundit\u201d mbajn\u00eb autor\u00ebsin\u00eb e tij.<\/p>\n<p>Ket\u00eb vit pritej dhe premiera e filmit ri t\u00eb Gjergj Xhuvanit, \u201cLiqeni im\u201d.<\/p>\n<figure><img decoding=\"async\" src=\"https:\/\/i.imgur.com\/l7bgfeN.jpg\"><\/figure>\n<figure><img decoding=\"async\" src=\"https:\/\/i.imgur.com\/l7bgfeN.jpg\"><\/figure>\n<figure><img decoding=\"async\" src=\"https:\/\/i.imgur.com\/l7bgfeN.jpg\"><\/figure>\n<figure><img decoding=\"async\" src=\"https:\/\/i.imgur.com\/l7bgfeN.jpg\"><\/figure>\n<figure><img decoding=\"async\" src=\"https:\/\/i.imgur.com\/l7bgfeN.jpg\"><\/figure>\n<p><em>\u201cAmaneti i tij i par\u00eb \u00ebsht\u00eb vepra. \u00cbsht\u00eb d\u00ebshira e tij p\u00ebr t\u00eb mos u mbyllur kinemaja, \u00ebsht\u00eb d\u00ebshira e tij e madhe q\u00eb t\u00eb b\u00ebhej nj\u00eb shkoll\u00eb e kinemas\u00eb me parametra. \u201c,<\/em> thot\u00eb miku i artistit t\u00eb ndjer\u00eb, Besnik Bisha.<\/p>\n<p><strong>Filmi, si \u201ctestament\u201d i Xhuvanit<\/strong><\/p>\n<p>Drejtori i TIFF, Agron Domi\u00a0 e thot\u00eb qart\u00eb se filmi \u201cLiqeni im\u201d, q\u00eb ngre siparin e k\u00ebsaj ngjarjeje kulturore t\u00eb kinemas\u00eb, ishte \u201ctestamenti\u201d i Gjergj Xhuvanit. Xhuvani, si skenarist dhe regjisor i tij, si\u00e7 pohon edhe Domi, ka mundur ta shikoj\u00eb filmin t\u00eb montuar. Lidhja e fort\u00eb q\u00eb Xhuvani kishte me k\u00ebt\u00eb film e b\u00ebn Domin ta konsideroj\u00eb si \u201camanetin\u201d e tij, q\u00eb erdhi i p\u00ebrmbushur n\u00eb k\u00ebt\u00eb festival.<\/p>\n<figure><img decoding=\"async\" src=\"https:\/\/i.imgur.com\/l7bgfeN.jpg\"><\/figure>\n<figure><img decoding=\"async\" src=\"https:\/\/i.imgur.com\/l7bgfeN.jpg\"><\/figure>\n<figure><img decoding=\"async\" src=\"https:\/\/i.imgur.com\/l7bgfeN.jpg\"><\/figure>\n<figure><img decoding=\"async\" src=\"https:\/\/i.imgur.com\/l7bgfeN.jpg\"><\/figure>\n<figure><img decoding=\"async\" src=\"https:\/\/i.imgur.com\/l7bgfeN.jpg\"><\/figure>\n","protected":false},"excerpt":{"rendered":"<p>Gjergj Xhuvani do t\u00eb kujtohet si nj\u00eb nd\u00ebr artist\u00ebt m\u00eb t\u00eb spikatur t\u00eb sken\u00ebs shqiptare. Skenaristi dhe producenti i mir\u00ebnjohur shqiptar do t\u00eb festonte me 20 dhjetor dit\u00eblindjen e 59, por ai humbi jet\u00ebn 3 vite m\u00eb par\u00eb pasi vuante nga nj\u00eb s\u00ebmundje e r\u00ebnd\u00eb. Ashtu si\u00e7 do ta \u00ebnd\u00ebrronte \u00e7do artist t\u00eb vdiste n\u00eb [&hellip;]<\/p>\n","protected":false},"author":2037,"featured_media":306811,"comment_status":"closed","ping_status":"closed","sticky":false,"template":"","format":"standard","meta":{"footnotes":""},"categories":[241,337,231,193,235],"tags":[],"class_list":{"0":"post-306810","1":"post","2":"type-post","3":"status-publish","4":"format-standard","5":"has-post-thumbnail","7":"category-aktualitet","8":"category-kulture","9":"category-lajme","10":"category-showbiz","11":"category-vendi"},"_links":{"self":[{"href":"https:\/\/zjarr.tv\/sq\/wp-json\/wp\/v2\/posts\/306810","targetHints":{"allow":["GET"]}}],"collection":[{"href":"https:\/\/zjarr.tv\/sq\/wp-json\/wp\/v2\/posts"}],"about":[{"href":"https:\/\/zjarr.tv\/sq\/wp-json\/wp\/v2\/types\/post"}],"author":[{"embeddable":true,"href":"https:\/\/zjarr.tv\/sq\/wp-json\/wp\/v2\/users\/2037"}],"replies":[{"embeddable":true,"href":"https:\/\/zjarr.tv\/sq\/wp-json\/wp\/v2\/comments?post=306810"}],"version-history":[{"count":0,"href":"https:\/\/zjarr.tv\/sq\/wp-json\/wp\/v2\/posts\/306810\/revisions"}],"wp:featuredmedia":[{"embeddable":true,"href":"https:\/\/zjarr.tv\/sq\/wp-json\/wp\/v2\/media\/306811"}],"wp:attachment":[{"href":"https:\/\/zjarr.tv\/sq\/wp-json\/wp\/v2\/media?parent=306810"}],"wp:term":[{"taxonomy":"category","embeddable":true,"href":"https:\/\/zjarr.tv\/sq\/wp-json\/wp\/v2\/categories?post=306810"},{"taxonomy":"post_tag","embeddable":true,"href":"https:\/\/zjarr.tv\/sq\/wp-json\/wp\/v2\/tags?post=306810"}],"curies":[{"name":"wp","href":"https:\/\/api.w.org\/{rel}","templated":true}]}}