{"id":306824,"date":"2022-12-21T15:21:53","date_gmt":"2022-12-21T14:21:53","guid":{"rendered":"https:\/\/zjarr.tv\/?p=306824"},"modified":"2022-12-21T15:21:53","modified_gmt":"2022-12-21T14:21:53","slug":"sali-berisha-ka-nje-mesazh-per-dash-yuri-kim-keqinformoi-dash-in-dvorani-eshte-nje-xhelat","status":"publish","type":"post","link":"https:\/\/zjarr.tv\/sq\/sali-berisha-ka-nje-mesazh-per-dash-yuri-kim-keqinformoi-dash-in-dvorani-eshte-nje-xhelat\/","title":{"rendered":"Sali Berisha ka nj\u00eb mesazh p\u00ebr DASH: Yuri Kim keqinformoi DASH-in, Dvorani \u00ebsht\u00eb nj\u00eb xhelat\u2026"},"content":{"rendered":"<figure><img decoding=\"async\" src=\"https:\/\/i.imgur.com\/l7bgfeN.jpg\"><\/figure>\n<figure><img decoding=\"async\" src=\"https:\/\/i.imgur.com\/l7bgfeN.jpg\"><\/figure>\n<figure><img decoding=\"async\" src=\"https:\/\/i.imgur.com\/l7bgfeN.jpg\"><\/figure>\n<figure><img decoding=\"async\" src=\"https:\/\/i.imgur.com\/l7bgfeN.jpg\"><\/figure>\n<figure><img decoding=\"async\" src=\"https:\/\/i.imgur.com\/l7bgfeN.jpg\"><\/figure>\n<p> Kryetari i Partis\u00eb Demokratike, Sali Berisha ka hedhur akuza n\u00eb drejtim t\u00eb ambasadores amerikane, Yuri Kim duke th\u00ebn\u00eb se ka keqinformuar Departamentin amerikan t\u00eb Shtetit p\u00ebr gjyqtarin Ardian Dvorani.<\/p>\n<figure><img decoding=\"async\" src=\"https:\/\/i.imgur.com\/l7bgfeN.jpg\"><\/figure>\n<figure><img decoding=\"async\" src=\"https:\/\/i.imgur.com\/l7bgfeN.jpg\"><\/figure>\n<figure><img decoding=\"async\" src=\"https:\/\/i.imgur.com\/l7bgfeN.jpg\"><\/figure>\n<figure><img decoding=\"async\" src=\"https:\/\/i.imgur.com\/l7bgfeN.jpg\"><\/figure>\n<figure><img decoding=\"async\" src=\"https:\/\/i.imgur.com\/l7bgfeN.jpg\"><\/figure>\n<p>Gjat\u00eb fjal\u00ebs s\u00eb tij n\u00eb mbledhjen e Grupit Parlamentar t\u00eb Partis\u00eb Demokratike, Berisha deklaroi se duhet informuar qeveria amerikane p\u00ebr k\u00ebt\u00eb rast, pasi sipas tij, nuk mund t\u00eb shpallet nj\u00eb kampion n\u00eb luft\u00ebn ndaj korrupsionit, nj\u00eb person i cili \u00ebsht\u00eb i p\u00ebrfshir\u00eb n\u00eb korrupsion.<\/p>\n<figure><img decoding=\"async\" src=\"https:\/\/i.imgur.com\/l7bgfeN.jpg\"><\/figure>\n<figure><img decoding=\"async\" src=\"https:\/\/i.imgur.com\/l7bgfeN.jpg\"><\/figure>\n<figure><img decoding=\"async\" src=\"https:\/\/i.imgur.com\/l7bgfeN.jpg\"><\/figure>\n<figure><img decoding=\"async\" src=\"https:\/\/i.imgur.com\/l7bgfeN.jpg\"><\/figure>\n<figure><img decoding=\"async\" src=\"https:\/\/i.imgur.com\/l7bgfeN.jpg\"><\/figure>\n<p>\u201cDuhet t\u2019i shkruajm\u00eb Departamentit t\u00eb Shtetit, kryetarit t\u00eb Kongresit, presidentit Biden, nuk mund t\u00eb fyhen shqiptar\u00ebt n\u00eb k\u00ebt\u00eb m\u00ebnyr\u00eb. <\/p>\n<p>Nuk mund t\u00eb shpallet kampion korrupsioni ky. Po \u00e7far\u00eb \u00ebsht\u00eb Dvorani? Nj\u00eb xhelat, prokurori i atyre q\u00eb rr\u00ebzuan shtatoren e Stalinit n\u00eb Shkod\u00ebr dhe ka k\u00ebrkuar gjer n\u00eb 15 vite.<\/p>\n<figure><img decoding=\"async\" src=\"https:\/\/i.imgur.com\/l7bgfeN.jpg\"><\/figure>\n<figure><img decoding=\"async\" src=\"https:\/\/i.imgur.com\/l7bgfeN.jpg\"><\/figure>\n<figure><img decoding=\"async\" src=\"https:\/\/i.imgur.com\/l7bgfeN.jpg\"><\/figure>\n<figure><img decoding=\"async\" src=\"https:\/\/i.imgur.com\/l7bgfeN.jpg\"><\/figure>\n<figure><img decoding=\"async\" src=\"https:\/\/i.imgur.com\/l7bgfeN.jpg\"><\/figure>\n<p>\u00c7\u2019e ka Yuri Kim k\u00ebt\u00eb pasion p\u00ebr xhelat\u00ebt e komunizmit? Edhe p\u00ebr k\u00ebt\u00eb duhet t\u00eb informojm\u00eb qeverin\u00eb amerikane dhe institucionet e tjera. Me ligj, nuk mund t\u00eb ishte an\u00ebtar gjykate. <\/p>\n<figure><img decoding=\"async\" src=\"https:\/\/i.imgur.com\/l7bgfeN.jpg\"><\/figure>\n<figure><img decoding=\"async\" src=\"https:\/\/i.imgur.com\/l7bgfeN.jpg\"><\/figure>\n<figure><img decoding=\"async\" src=\"https:\/\/i.imgur.com\/l7bgfeN.jpg\"><\/figure>\n<figure><img decoding=\"async\" src=\"https:\/\/i.imgur.com\/l7bgfeN.jpg\"><\/figure>\n<figure><img decoding=\"async\" src=\"https:\/\/i.imgur.com\/l7bgfeN.jpg\"><\/figure>\n<p>Kjo nuk ndodh n\u00eb nj\u00eb vend t\u00eb bot\u00ebs, kjo ndodh vet\u00ebm n\u00eb Shqip\u00ebri dhe kjo \u00ebsht\u00eb vep\u00ebr dizinformatash q\u00eb guvernatorja i ka d\u00ebrguar qeveris\u00eb s\u00eb vet p\u00ebr k\u00ebt\u00eb person\u201d, theksoi kryedemokrati.<\/p>\n","protected":false},"excerpt":{"rendered":"<p>Kryetari i Partis\u00eb Demokratike, Sali Berisha ka hedhur akuza n\u00eb drejtim t\u00eb ambasadores amerikane, Yuri Kim duke th\u00ebn\u00eb se ka keqinformuar Departamentin amerikan t\u00eb Shtetit p\u00ebr gjyqtarin Ardian Dvorani. Gjat\u00eb fjal\u00ebs s\u00eb tij n\u00eb mbledhjen e Grupit Parlamentar t\u00eb Partis\u00eb Demokratike, Berisha deklaroi se duhet informuar qeveria amerikane p\u00ebr k\u00ebt\u00eb rast, pasi sipas tij, nuk [&hellip;]<\/p>\n","protected":false},"author":2039,"featured_media":306825,"comment_status":"closed","ping_status":"closed","sticky":false,"template":"","format":"standard","meta":{"footnotes":""},"categories":[1454],"tags":[],"class_list":{"0":"post-306824","1":"post","2":"type-post","3":"status-publish","4":"format-standard","5":"has-post-thumbnail","7":"category-politike"},"_links":{"self":[{"href":"https:\/\/zjarr.tv\/sq\/wp-json\/wp\/v2\/posts\/306824","targetHints":{"allow":["GET"]}}],"collection":[{"href":"https:\/\/zjarr.tv\/sq\/wp-json\/wp\/v2\/posts"}],"about":[{"href":"https:\/\/zjarr.tv\/sq\/wp-json\/wp\/v2\/types\/post"}],"author":[{"embeddable":true,"href":"https:\/\/zjarr.tv\/sq\/wp-json\/wp\/v2\/users\/2039"}],"replies":[{"embeddable":true,"href":"https:\/\/zjarr.tv\/sq\/wp-json\/wp\/v2\/comments?post=306824"}],"version-history":[{"count":0,"href":"https:\/\/zjarr.tv\/sq\/wp-json\/wp\/v2\/posts\/306824\/revisions"}],"wp:featuredmedia":[{"embeddable":true,"href":"https:\/\/zjarr.tv\/sq\/wp-json\/wp\/v2\/media\/306825"}],"wp:attachment":[{"href":"https:\/\/zjarr.tv\/sq\/wp-json\/wp\/v2\/media?parent=306824"}],"wp:term":[{"taxonomy":"category","embeddable":true,"href":"https:\/\/zjarr.tv\/sq\/wp-json\/wp\/v2\/categories?post=306824"},{"taxonomy":"post_tag","embeddable":true,"href":"https:\/\/zjarr.tv\/sq\/wp-json\/wp\/v2\/tags?post=306824"}],"curies":[{"name":"wp","href":"https:\/\/api.w.org\/{rel}","templated":true}]}}