{"id":306827,"date":"2022-12-21T15:25:02","date_gmt":"2022-12-21T14:25:02","guid":{"rendered":"https:\/\/zjarr.tv\/?p=306827"},"modified":"2022-12-21T15:25:02","modified_gmt":"2022-12-21T14:25:02","slug":"pacienti-kercenohet-nga-stafi-i-spitalit-ne-shkoder-barboci-infermieri-me-kapi-nga-fyti","status":"publish","type":"post","link":"https:\/\/zjarr.tv\/sq\/pacienti-kercenohet-nga-stafi-i-spitalit-ne-shkoder-barboci-infermieri-me-kapi-nga-fyti\/","title":{"rendered":"Pacienti k\u00ebrc\u00ebnohet nga stafi i spitalit n\u00eb Shkod\u00ebr, Barbo\u00e7i: Infermieri m\u00eb kapi nga fyti"},"content":{"rendered":"<figure><img decoding=\"async\" src=\"https:\/\/i.imgur.com\/l7bgfeN.jpg\"><\/figure>\n<figure><img decoding=\"async\" src=\"https:\/\/i.imgur.com\/l7bgfeN.jpg\"><\/figure>\n<figure><img decoding=\"async\" src=\"https:\/\/i.imgur.com\/l7bgfeN.jpg\"><\/figure>\n<figure><img decoding=\"async\" src=\"https:\/\/i.imgur.com\/l7bgfeN.jpg\"><\/figure>\n<figure><img decoding=\"async\" src=\"https:\/\/i.imgur.com\/l7bgfeN.jpg\"><\/figure>\n<p>Nj\u00eb i ri q\u00eb vuan nga epilepsia pretendon se \u00ebsht\u00eb bullizuar nga stafi i spitalit t\u00eb Shkodr\u00ebs. Babai i t\u00eb riut, \u00c7esk Barbo\u00e7i tregon, se nj\u00eb infermier n\u00eb spital ka kryer akte bullizimi ndaj t\u00eb birit, gjat\u00eb koh\u00ebs q\u00eb ai merrte mjekim. Familjar\u00ebt e t\u00eb riut kan\u00eb b\u00ebr\u00eb ankesa n\u00eb drejtorin\u00eb e spitalit, por nga ky institucion nuk ka pasur asnj\u00eb reagim.<\/p>\n<p>Ky \u00ebsht\u00eb Jakin Barbo\u00e7i, i cili vuan nga epilepsia, dhe prej 10 vjet\u00ebsh kurohet n\u00eb spitalin e Shkodr\u00ebs.<\/p>\n<p>Por, gjat\u00eb muajve t\u00eb fundit, Jakini \u00ebsht\u00eb bullizuar nga stafi i spitalit. K\u00ebt\u00eb e d\u00ebshmon vet\u00eb i riu, i cili tregon se ka qen\u00eb duke marr\u00eb serum, kur nj\u00eb infermier i spitalit e ka kapur prej fyti duke e k\u00ebrc\u00ebnuar.<\/p>\n<figure><img decoding=\"async\" src=\"https:\/\/i.imgur.com\/l7bgfeN.jpg\"><\/figure>\n<figure><img decoding=\"async\" src=\"https:\/\/i.imgur.com\/l7bgfeN.jpg\"><\/figure>\n<figure><img decoding=\"async\" src=\"https:\/\/i.imgur.com\/l7bgfeN.jpg\"><\/figure>\n<figure><img decoding=\"async\" src=\"https:\/\/i.imgur.com\/l7bgfeN.jpg\"><\/figure>\n<figure><img decoding=\"async\" src=\"https:\/\/i.imgur.com\/l7bgfeN.jpg\"><\/figure>\n<p>Babai i Jakinit, \u00c7esku me lot n\u00eb sy, ngre akuza p\u00ebr bullizimin e t\u00eb birit nga stafi i spitalit, nd\u00ebrsa ankesat e tij n\u00eb drejtorin\u00eb e spitalit dhe polici nuk jan\u00eb marr\u00eb n\u00eb konsiderat\u00eb.<\/p>\n<p>79-vje\u00e7ari tregon se p\u00ebr k\u00ebt\u00eb rast ka b\u00ebr\u00eb denoncim te Komisioneri Kund\u00ebr Diskriminimit, por deri tani nuk ka gjetur zgjidhje.<\/p>\n<p>P\u00ebr k\u00ebt\u00eb denoncim t\u00eb r\u00ebnd\u00eb, Syri Televizion k\u00ebrkoi t\u00eb pyeste drejtoresh\u00ebn e spitalit Xheni Halili. Por gazetar\u00ebt jo vet\u00ebm q\u00eb nuk u prit\u00ebn n\u00eb spital p\u00ebr takim, por drejtoresha nuk u p\u00ebrgjigjet as n\u00eb telefon.<\/p>\n<p><strong>Burimi: Nga SyriTv<\/strong><\/p>\n<figure><img decoding=\"async\" src=\"https:\/\/i.imgur.com\/l7bgfeN.jpg\"><\/figure>\n<figure><img decoding=\"async\" src=\"https:\/\/i.imgur.com\/l7bgfeN.jpg\"><\/figure>\n<figure><img decoding=\"async\" src=\"https:\/\/i.imgur.com\/l7bgfeN.jpg\"><\/figure>\n<figure><img decoding=\"async\" src=\"https:\/\/i.imgur.com\/l7bgfeN.jpg\"><\/figure>\n<figure><img decoding=\"async\" src=\"https:\/\/i.imgur.com\/l7bgfeN.jpg\"><\/figure>\n","protected":false},"excerpt":{"rendered":"<p>Nj\u00eb i ri q\u00eb vuan nga epilepsia pretendon se \u00ebsht\u00eb bullizuar nga stafi i spitalit t\u00eb Shkodr\u00ebs. Babai i t\u00eb riut, \u00c7esk Barbo\u00e7i tregon, se nj\u00eb infermier n\u00eb spital ka kryer akte bullizimi ndaj t\u00eb birit, gjat\u00eb koh\u00ebs q\u00eb ai merrte mjekim. Familjar\u00ebt e t\u00eb riut kan\u00eb b\u00ebr\u00eb ankesa n\u00eb drejtorin\u00eb e spitalit, por nga [&hellip;]<\/p>\n","protected":false},"author":2037,"featured_media":306828,"comment_status":"closed","ping_status":"closed","sticky":false,"template":"","format":"standard","meta":{"footnotes":""},"categories":[241,364,231,5428,235],"tags":[],"class_list":{"0":"post-306827","1":"post","2":"type-post","3":"status-publish","4":"format-standard","5":"has-post-thumbnail","7":"category-aktualitet","8":"category-koment-opinion","9":"category-lajme","10":"category-shendeti-2","11":"category-vendi"},"_links":{"self":[{"href":"https:\/\/zjarr.tv\/sq\/wp-json\/wp\/v2\/posts\/306827","targetHints":{"allow":["GET"]}}],"collection":[{"href":"https:\/\/zjarr.tv\/sq\/wp-json\/wp\/v2\/posts"}],"about":[{"href":"https:\/\/zjarr.tv\/sq\/wp-json\/wp\/v2\/types\/post"}],"author":[{"embeddable":true,"href":"https:\/\/zjarr.tv\/sq\/wp-json\/wp\/v2\/users\/2037"}],"replies":[{"embeddable":true,"href":"https:\/\/zjarr.tv\/sq\/wp-json\/wp\/v2\/comments?post=306827"}],"version-history":[{"count":0,"href":"https:\/\/zjarr.tv\/sq\/wp-json\/wp\/v2\/posts\/306827\/revisions"}],"wp:featuredmedia":[{"embeddable":true,"href":"https:\/\/zjarr.tv\/sq\/wp-json\/wp\/v2\/media\/306828"}],"wp:attachment":[{"href":"https:\/\/zjarr.tv\/sq\/wp-json\/wp\/v2\/media?parent=306827"}],"wp:term":[{"taxonomy":"category","embeddable":true,"href":"https:\/\/zjarr.tv\/sq\/wp-json\/wp\/v2\/categories?post=306827"},{"taxonomy":"post_tag","embeddable":true,"href":"https:\/\/zjarr.tv\/sq\/wp-json\/wp\/v2\/tags?post=306827"}],"curies":[{"name":"wp","href":"https:\/\/api.w.org\/{rel}","templated":true}]}}