{"id":308904,"date":"2023-01-06T16:54:11","date_gmt":"2023-01-06T15:54:11","guid":{"rendered":"https:\/\/zjarr.tv\/?p=308904"},"modified":"2023-01-06T16:54:11","modified_gmt":"2023-01-06T15:54:11","slug":"vrasja-e-31-vjecarit-ne-prizren-gjendet-kasaforta-e-fshehur-ne-shtepine-e-kobres","status":"publish","type":"post","link":"https:\/\/zjarr.tv\/sq\/vrasja-e-31-vjecarit-ne-prizren-gjendet-kasaforta-e-fshehur-ne-shtepine-e-kobres\/","title":{"rendered":"Vrasja e 31-vje\u00e7arit n\u00eb Prizren, gjendet kasaforta e fshehur n\u00eb sht\u00ebpin\u00eb e \u201cKobr\u00ebs\u201d"},"content":{"rendered":"<figure><img decoding=\"async\" src=\"https:\/\/i.imgur.com\/l7bgfeN.jpg\"><\/figure>\n<figure><img decoding=\"async\" src=\"https:\/\/i.imgur.com\/l7bgfeN.jpg\"><\/figure>\n<figure><img decoding=\"async\" src=\"https:\/\/i.imgur.com\/l7bgfeN.jpg\"><\/figure>\n<figure><img decoding=\"async\" src=\"https:\/\/i.imgur.com\/l7bgfeN.jpg\"><\/figure>\n<figure><img decoding=\"async\" src=\"https:\/\/i.imgur.com\/l7bgfeN.jpg\"><\/figure>\n<p>Policia e Kosov\u00ebs ka kryer kontrolle n\u00eb sht\u00ebpin\u00eb Dibran Hoxh\u00ebs, t\u00eb njohur si \u201cKobra\u201d, n\u00eb t\u00eb cil\u00ebn kan\u00eb zbuluar nj\u00eb kasafort\u00eb.<\/p>\n<p>Mediat e kosovare, b\u00ebjn\u00eb t\u00eb ditur se kasaforta ende nuk \u00ebsht\u00eb hapur, pasi pritet q\u00eb t\u00eb zhvillohen disa pro\u00e7edura, p\u00ebrfshir\u00eb marrjen e disa urdh\u00ebresave dhe ftes\u00ebn e Nj\u00ebsis\u00eb kund\u00ebr Eksploziv\u00ebve.<\/p>\n<figure><img decoding=\"async\" src=\"https:\/\/i.imgur.com\/l7bgfeN.jpg\"><\/figure>\n<figure><img decoding=\"async\" src=\"https:\/\/i.imgur.com\/l7bgfeN.jpg\"><\/figure>\n<figure><img decoding=\"async\" src=\"https:\/\/i.imgur.com\/l7bgfeN.jpg\"><\/figure>\n<figure><img decoding=\"async\" src=\"https:\/\/i.imgur.com\/l7bgfeN.jpg\"><\/figure>\n<figure><img decoding=\"async\" src=\"https:\/\/i.imgur.com\/l7bgfeN.jpg\"><\/figure>\n<p>Gjat\u00eb kontrolleve po ashtu \u00ebsht\u00eb gjetur nj\u00eb granat\u00eb dore dhe disa fishek\u00eb.<\/p>\n<p>Kasaforta, ishte e kamufluar n\u00eb disa hap\u00ebsira n\u00eb sht\u00ebpin\u00eb e Hoxh\u00ebs.<\/p>\n<p>Kujtojm\u00eb se Dibran Hoxha \u00ebsht\u00eb i dyshuari kryesor p\u00ebr vrasjen q\u00eb ka ndodhur n\u00eb or\u00ebt e m\u00ebngjesit t\u00eb 3 janarit n\u00eb lokalin e tij \u201cKobra City\u201d n\u00eb Prizren.<\/p>\n<figure><img decoding=\"async\" src=\"https:\/\/i.imgur.com\/l7bgfeN.jpg\"><\/figure>\n<figure><img decoding=\"async\" src=\"https:\/\/i.imgur.com\/l7bgfeN.jpg\"><\/figure>\n<figure><img decoding=\"async\" src=\"https:\/\/i.imgur.com\/l7bgfeN.jpg\"><\/figure>\n<figure><img decoding=\"async\" src=\"https:\/\/i.imgur.com\/l7bgfeN.jpg\"><\/figure>\n<figure><img decoding=\"async\" src=\"https:\/\/i.imgur.com\/l7bgfeN.jpg\"><\/figure>\n<p>Nj\u00eb 31-vje\u00e7ar nga Kuk\u00ebsi ka vdekur si pasoj\u00eb e plag\u00ebve me arm\u00eb zjarri dhe nj\u00eb tjet\u00ebr \u00ebsht\u00eb plagosur nga arma me t\u00eb cil\u00ebn dyshohet se ka q\u00eblluar Dibran Hoxha.<\/p>\n<figure><img decoding=\"async\" src=\"https:\/\/i.imgur.com\/l7bgfeN.jpg\"><\/figure>\n<figure><img decoding=\"async\" src=\"https:\/\/i.imgur.com\/l7bgfeN.jpg\"><\/figure>\n<figure><img decoding=\"async\" src=\"https:\/\/i.imgur.com\/l7bgfeN.jpg\"><\/figure>\n<figure><img decoding=\"async\" src=\"https:\/\/i.imgur.com\/l7bgfeN.jpg\"><\/figure>\n<figure><img decoding=\"async\" src=\"https:\/\/i.imgur.com\/l7bgfeN.jpg\"><\/figure>\n<p>P\u00ebrve\u00e7 Hoxh\u00ebs, p\u00ebr k\u00ebt\u00eb rast jan\u00eb arrestuar edhe pes\u00eb persona t\u00eb tjer\u00eb. Gjykata e Prizrenit ka caktuar mas\u00ebn e paraburgimit prej nj\u00eb muaj p\u00ebr 6 t\u00eb arrestuarit.\/abcnews.al\/<\/p>\n","protected":false},"excerpt":{"rendered":"<p>Policia e Kosov\u00ebs ka kryer kontrolle n\u00eb sht\u00ebpin\u00eb Dibran Hoxh\u00ebs, t\u00eb njohur si \u201cKobra\u201d, n\u00eb t\u00eb cil\u00ebn kan\u00eb zbuluar nj\u00eb kasafort\u00eb. Mediat e kosovare, b\u00ebjn\u00eb t\u00eb ditur se kasaforta ende nuk \u00ebsht\u00eb hapur, pasi pritet q\u00eb t\u00eb zhvillohen disa pro\u00e7edura, p\u00ebrfshir\u00eb marrjen e disa urdh\u00ebresave dhe ftes\u00ebn e Nj\u00ebsis\u00eb kund\u00ebr Eksploziv\u00ebve. Gjat\u00eb kontrolleve po ashtu [&hellip;]<\/p>\n","protected":false},"author":2039,"featured_media":308905,"comment_status":"closed","ping_status":"closed","sticky":false,"template":"","format":"standard","meta":{"footnotes":""},"categories":[241],"tags":[],"class_list":{"0":"post-308904","1":"post","2":"type-post","3":"status-publish","4":"format-standard","5":"has-post-thumbnail","7":"category-aktualitet"},"_links":{"self":[{"href":"https:\/\/zjarr.tv\/sq\/wp-json\/wp\/v2\/posts\/308904","targetHints":{"allow":["GET"]}}],"collection":[{"href":"https:\/\/zjarr.tv\/sq\/wp-json\/wp\/v2\/posts"}],"about":[{"href":"https:\/\/zjarr.tv\/sq\/wp-json\/wp\/v2\/types\/post"}],"author":[{"embeddable":true,"href":"https:\/\/zjarr.tv\/sq\/wp-json\/wp\/v2\/users\/2039"}],"replies":[{"embeddable":true,"href":"https:\/\/zjarr.tv\/sq\/wp-json\/wp\/v2\/comments?post=308904"}],"version-history":[{"count":0,"href":"https:\/\/zjarr.tv\/sq\/wp-json\/wp\/v2\/posts\/308904\/revisions"}],"wp:featuredmedia":[{"embeddable":true,"href":"https:\/\/zjarr.tv\/sq\/wp-json\/wp\/v2\/media\/308905"}],"wp:attachment":[{"href":"https:\/\/zjarr.tv\/sq\/wp-json\/wp\/v2\/media?parent=308904"}],"wp:term":[{"taxonomy":"category","embeddable":true,"href":"https:\/\/zjarr.tv\/sq\/wp-json\/wp\/v2\/categories?post=308904"},{"taxonomy":"post_tag","embeddable":true,"href":"https:\/\/zjarr.tv\/sq\/wp-json\/wp\/v2\/tags?post=308904"}],"curies":[{"name":"wp","href":"https:\/\/api.w.org\/{rel}","templated":true}]}}