{"id":313267,"date":"2023-02-13T17:00:03","date_gmt":"2023-02-13T16:00:03","guid":{"rendered":"https:\/\/zjarr.tv\/?p=313267"},"modified":"2023-02-13T17:00:03","modified_gmt":"2023-02-13T16:00:03","slug":"hape-more-deren-ndodh-incidenti-i-pare-ne-protesten-e-berishes-garda-bllokon-deputetet-e-pd-se","status":"publish","type":"post","link":"https:\/\/zjarr.tv\/sq\/hape-more-deren-ndodh-incidenti-i-pare-ne-protesten-e-berishes-garda-bllokon-deputetet-e-pd-se\/","title":{"rendered":"\u201cHape more der\u00ebn\u201d, ndodh incidenti i par\u00eb n\u00eb protest\u00ebn e Berish\u00ebs, garda bllokon deputet\u00ebt e PD-s\u00eb"},"content":{"rendered":"<figure><img decoding=\"async\" src=\"https:\/\/i.imgur.com\/l7bgfeN.jpg\"><\/figure>\n<figure><img decoding=\"async\" src=\"https:\/\/i.imgur.com\/l7bgfeN.jpg\"><\/figure>\n<figure><img decoding=\"async\" src=\"https:\/\/i.imgur.com\/l7bgfeN.jpg\"><\/figure>\n<figure><img decoding=\"async\" src=\"https:\/\/i.imgur.com\/l7bgfeN.jpg\"><\/figure>\n<figure><img decoding=\"async\" src=\"https:\/\/i.imgur.com\/l7bgfeN.jpg\"><\/figure>\n<p>Sapo ka filluar protesta e thirrur nga kryetari i PD-s\u00eb, Sali Berisha para Parlamentit, teksa \u00ebsht\u00eb regjistruar edhe incidenti i par\u00eb.<\/p>\n<p>Tensione n\u00eb hyrje t\u00eb Kuvendit. Deputet\u00eb t\u00eb PD-s\u00eb, q\u00eb aktualisht jan\u00eb t\u00eb p\u00ebrjashtuar nga seancat plenare p\u00ebr 10 dit\u00eb, nuk jan\u00eb lejuar q\u00eb t\u00eb hyjn\u00eb n\u00eb sall\u00eb nga Garda.<\/p>\n<p>Pasi zoti Berisha \u00ebsht\u00eb lejuar t\u00eb futet n\u00eb sall\u00eb, bashk\u00eb me Tritan Shehun dhe koleg\u00eb t\u00eb tjer\u00eb, Lu\u00e7iano Bo\u00e7i, Albana Vokshi, Luan Ba\u00e7i, Oerd Bylykbashi, Tomorr Alizoti, nuk jan\u00eb lejuar q\u00eb t\u00eb hyjn\u00eb n\u00eb sall\u00eb.<\/p>\n<figure><img decoding=\"async\" src=\"https:\/\/i.imgur.com\/l7bgfeN.jpg\"><\/figure>\n<figure><img decoding=\"async\" src=\"https:\/\/i.imgur.com\/l7bgfeN.jpg\"><\/figure>\n<figure><img decoding=\"async\" src=\"https:\/\/i.imgur.com\/l7bgfeN.jpg\"><\/figure>\n<figure><img decoding=\"async\" src=\"https:\/\/i.imgur.com\/l7bgfeN.jpg\"><\/figure>\n<figure><img decoding=\"async\" src=\"https:\/\/i.imgur.com\/l7bgfeN.jpg\"><\/figure>\n","protected":false},"excerpt":{"rendered":"<p>Sapo ka filluar protesta e thirrur nga kryetari i PD-s\u00eb, Sali Berisha para Parlamentit, teksa \u00ebsht\u00eb regjistruar edhe incidenti i par\u00eb. Tensione n\u00eb hyrje t\u00eb Kuvendit. Deputet\u00eb t\u00eb PD-s\u00eb, q\u00eb aktualisht jan\u00eb t\u00eb p\u00ebrjashtuar nga seancat plenare p\u00ebr 10 dit\u00eb, nuk jan\u00eb lejuar q\u00eb t\u00eb hyjn\u00eb n\u00eb sall\u00eb nga Garda. Pasi zoti Berisha \u00ebsht\u00eb lejuar [&hellip;]<\/p>\n","protected":false},"author":2037,"featured_media":313268,"comment_status":"closed","ping_status":"closed","sticky":false,"template":"","format":"standard","meta":{"footnotes":""},"categories":[241,364,231,1454,235],"tags":[],"class_list":{"0":"post-313267","1":"post","2":"type-post","3":"status-publish","4":"format-standard","5":"has-post-thumbnail","7":"category-aktualitet","8":"category-koment-opinion","9":"category-lajme","10":"category-politike","11":"category-vendi"},"_links":{"self":[{"href":"https:\/\/zjarr.tv\/sq\/wp-json\/wp\/v2\/posts\/313267","targetHints":{"allow":["GET"]}}],"collection":[{"href":"https:\/\/zjarr.tv\/sq\/wp-json\/wp\/v2\/posts"}],"about":[{"href":"https:\/\/zjarr.tv\/sq\/wp-json\/wp\/v2\/types\/post"}],"author":[{"embeddable":true,"href":"https:\/\/zjarr.tv\/sq\/wp-json\/wp\/v2\/users\/2037"}],"replies":[{"embeddable":true,"href":"https:\/\/zjarr.tv\/sq\/wp-json\/wp\/v2\/comments?post=313267"}],"version-history":[{"count":0,"href":"https:\/\/zjarr.tv\/sq\/wp-json\/wp\/v2\/posts\/313267\/revisions"}],"wp:featuredmedia":[{"embeddable":true,"href":"https:\/\/zjarr.tv\/sq\/wp-json\/wp\/v2\/media\/313268"}],"wp:attachment":[{"href":"https:\/\/zjarr.tv\/sq\/wp-json\/wp\/v2\/media?parent=313267"}],"wp:term":[{"taxonomy":"category","embeddable":true,"href":"https:\/\/zjarr.tv\/sq\/wp-json\/wp\/v2\/categories?post=313267"},{"taxonomy":"post_tag","embeddable":true,"href":"https:\/\/zjarr.tv\/sq\/wp-json\/wp\/v2\/tags?post=313267"}],"curies":[{"name":"wp","href":"https:\/\/api.w.org\/{rel}","templated":true}]}}