{"id":313276,"date":"2023-02-13T17:52:38","date_gmt":"2023-02-13T16:52:38","guid":{"rendered":"https:\/\/zjarr.tv\/?p=313276"},"modified":"2023-02-13T17:52:38","modified_gmt":"2023-02-13T16:52:38","slug":"e-fundit-ps-kerkon-perjashtim-te-berishes-me-afat-maksimal-nga-kuvendi","status":"publish","type":"post","link":"https:\/\/zjarr.tv\/sq\/e-fundit-ps-kerkon-perjashtim-te-berishes-me-afat-maksimal-nga-kuvendi\/","title":{"rendered":"E FUNDIT\/ PS k\u00ebrkon p\u00ebrjashtim t\u00eb Berish\u00ebs me afat maksimal nga Kuvendi"},"content":{"rendered":"<figure><img decoding=\"async\" src=\"https:\/\/i.imgur.com\/l7bgfeN.jpg\"><\/figure>\n<figure><img decoding=\"async\" src=\"https:\/\/i.imgur.com\/l7bgfeN.jpg\"><\/figure>\n<figure><img decoding=\"async\" src=\"https:\/\/i.imgur.com\/l7bgfeN.jpg\"><\/figure>\n<figure><img decoding=\"async\" src=\"https:\/\/i.imgur.com\/l7bgfeN.jpg\"><\/figure>\n<figure><img decoding=\"async\" src=\"https:\/\/i.imgur.com\/l7bgfeN.jpg\"><\/figure>\n<p>Anila Denaj, n\u00eb cil\u00ebsin\u00eb e n\u00ebnkryetares s\u00eb grupit parlamentar t\u00eb Partis\u00eb Socialiste, tha se kan\u00eb dor\u00ebzuar nj\u00eb deklarat\u00eb ku \u00ebkrkojn\u00eb p\u00ebrjashtimin e Sali Berish\u00ebs p\u00ebr gjuh\u00eb lincuese ndaj grave deputete.<\/p>\n<p>\u201cK\u00ebrkojm\u00eb q\u00eb paganet kompetente t\u00eb p\u00ebrjashtimit t\u00eb Sali Berish\u00ebs me afat maksimal t\u00eb parashikuar nga rregullorja. Deputeti Sali Berisha ka arritur kap\u00ebrcimin e etik\u00ebs. \u00cbsht\u00eb firmosur nga 27 deputet\u00eb. Esht\u00eb depozituar sot dhe \u00ebsht\u00eb pjes\u00eb e deklarat\u00ebs q\u00eb e keni marr\u00eb dhe k\u00ebrkojm\u00eb t\u00eb shqyrtohet menj\u00ebher\u00eb\u201d, tha ai.<\/p>\n<figure><img decoding=\"async\" src=\"https:\/\/i.imgur.com\/l7bgfeN.jpg\"><\/figure>\n<figure><img decoding=\"async\" src=\"https:\/\/i.imgur.com\/l7bgfeN.jpg\"><\/figure>\n<figure><img decoding=\"async\" src=\"https:\/\/i.imgur.com\/l7bgfeN.jpg\"><\/figure>\n<figure><img decoding=\"async\" src=\"https:\/\/i.imgur.com\/l7bgfeN.jpg\"><\/figure>\n<figure><img decoding=\"async\" src=\"https:\/\/i.imgur.com\/l7bgfeN.jpg\"><\/figure>\n","protected":false},"excerpt":{"rendered":"<p>Anila Denaj, n\u00eb cil\u00ebsin\u00eb e n\u00ebnkryetares s\u00eb grupit parlamentar t\u00eb Partis\u00eb Socialiste, tha se kan\u00eb dor\u00ebzuar nj\u00eb deklarat\u00eb ku \u00ebkrkojn\u00eb p\u00ebrjashtimin e Sali Berish\u00ebs p\u00ebr gjuh\u00eb lincuese ndaj grave deputete. \u201cK\u00ebrkojm\u00eb q\u00eb paganet kompetente t\u00eb p\u00ebrjashtimit t\u00eb Sali Berish\u00ebs me afat maksimal t\u00eb parashikuar nga rregullorja. Deputeti Sali Berisha ka arritur kap\u00ebrcimin e etik\u00ebs. \u00cbsht\u00eb [&hellip;]<\/p>\n","protected":false},"author":2037,"featured_media":313277,"comment_status":"closed","ping_status":"closed","sticky":false,"template":"","format":"standard","meta":{"footnotes":""},"categories":[241,364,5380,231,1454,235],"tags":[],"class_list":{"0":"post-313276","1":"post","2":"type-post","3":"status-publish","4":"format-standard","5":"has-post-thumbnail","7":"category-aktualitet","8":"category-koment-opinion","9":"category-kryesore","10":"category-lajme","11":"category-politike","12":"category-vendi"},"_links":{"self":[{"href":"https:\/\/zjarr.tv\/sq\/wp-json\/wp\/v2\/posts\/313276","targetHints":{"allow":["GET"]}}],"collection":[{"href":"https:\/\/zjarr.tv\/sq\/wp-json\/wp\/v2\/posts"}],"about":[{"href":"https:\/\/zjarr.tv\/sq\/wp-json\/wp\/v2\/types\/post"}],"author":[{"embeddable":true,"href":"https:\/\/zjarr.tv\/sq\/wp-json\/wp\/v2\/users\/2037"}],"replies":[{"embeddable":true,"href":"https:\/\/zjarr.tv\/sq\/wp-json\/wp\/v2\/comments?post=313276"}],"version-history":[{"count":0,"href":"https:\/\/zjarr.tv\/sq\/wp-json\/wp\/v2\/posts\/313276\/revisions"}],"wp:featuredmedia":[{"embeddable":true,"href":"https:\/\/zjarr.tv\/sq\/wp-json\/wp\/v2\/media\/313277"}],"wp:attachment":[{"href":"https:\/\/zjarr.tv\/sq\/wp-json\/wp\/v2\/media?parent=313276"}],"wp:term":[{"taxonomy":"category","embeddable":true,"href":"https:\/\/zjarr.tv\/sq\/wp-json\/wp\/v2\/categories?post=313276"},{"taxonomy":"post_tag","embeddable":true,"href":"https:\/\/zjarr.tv\/sq\/wp-json\/wp\/v2\/tags?post=313276"}],"curies":[{"name":"wp","href":"https:\/\/api.w.org\/{rel}","templated":true}]}}