{"id":318603,"date":"2023-04-12T22:13:01","date_gmt":"2023-04-12T20:13:01","guid":{"rendered":"https:\/\/zjarr.tv\/?p=318603"},"modified":"2023-04-12T22:13:01","modified_gmt":"2023-04-12T20:13:01","slug":"cmenduri-ja-sa-do-paguhet-luizi-per-nje-koncert","status":"publish","type":"post","link":"https:\/\/zjarr.tv\/sq\/cmenduri-ja-sa-do-paguhet-luizi-per-nje-koncert\/","title":{"rendered":"\u00c7menduri, ja sa do paguhet Luizi p\u00ebr nj\u00eb koncert"},"content":{"rendered":"<p>Luiz Ejlli \u00ebsht\u00eb banori m\u00eb i p\u00eblqyer e ndjekur i sht\u00ebpis\u00eb s\u00eb  Big Brother VIP Albania.<\/p>\n<p>Ai ka thyer rekorde shikueshm\u00ebrie t\u00eb spektaklit Big Brother.<\/p>\n<p>K\u00ebng\u00ebtari, po p\u00eblqehet mjaft shum\u00eb edhe p\u00ebr shkak t\u00eb z\u00ebrit, pasi ai kishte koh\u00eb larg sken\u00ebs.<\/p>\n<p>Tani q\u00eb muzika e tij po p\u00eblqehet kaq shum\u00eb, pas daljes nga sht\u00ebpia m\u00eb e famshme pritet q\u00eb ftesat p\u00ebr koncerte t\u00eb jen\u00eb t\u00eb shumta.<\/p>\n<p>N\u00eb lidhje me k\u00ebt\u00eb, ka folur Xhani Demika, i njohur ndryshe si menaxheri i vip-ave.<\/p>\n<p>Teksa ka qen\u00eb i ftuar n\u00eb \u201cNj\u00eb nat\u00eb me Aulon\u00ebn\u201d, ai tregoi se po p\u00ebrflitet p\u00ebr \u00e7mimin q\u00eb mund t\u00eb paguhet Luizi n\u00eb koncertet e tij, q\u00eb varion nga 5 deri n\u00eb 10 mij\u00eb euro p\u00ebr nj\u00eb koncert.<\/p>\n","protected":false},"excerpt":{"rendered":"<p>Luiz Ejlli \u00ebsht\u00eb banori m\u00eb i p\u00eblqyer e ndjekur i sht\u00ebpis\u00eb s\u00eb Big Brother VIP Albania. Ai ka thyer rekorde shikueshm\u00ebrie t\u00eb spektaklit Big Brother. K\u00ebng\u00ebtari, po p\u00eblqehet mjaft shum\u00eb edhe p\u00ebr shkak t\u00eb z\u00ebrit, pasi ai kishte koh\u00eb larg sken\u00ebs. Tani q\u00eb muzika e tij po p\u00eblqehet kaq shum\u00eb, pas daljes nga sht\u00ebpia m\u00eb [&hellip;]<\/p>\n","protected":false},"author":2031,"featured_media":318604,"comment_status":"closed","ping_status":"closed","sticky":false,"template":"","format":"standard","meta":{"footnotes":""},"categories":[241,231,235],"tags":[],"class_list":{"0":"post-318603","1":"post","2":"type-post","3":"status-publish","4":"format-standard","5":"has-post-thumbnail","7":"category-aktualitet","8":"category-lajme","9":"category-vendi"},"_links":{"self":[{"href":"https:\/\/zjarr.tv\/sq\/wp-json\/wp\/v2\/posts\/318603","targetHints":{"allow":["GET"]}}],"collection":[{"href":"https:\/\/zjarr.tv\/sq\/wp-json\/wp\/v2\/posts"}],"about":[{"href":"https:\/\/zjarr.tv\/sq\/wp-json\/wp\/v2\/types\/post"}],"author":[{"embeddable":true,"href":"https:\/\/zjarr.tv\/sq\/wp-json\/wp\/v2\/users\/2031"}],"replies":[{"embeddable":true,"href":"https:\/\/zjarr.tv\/sq\/wp-json\/wp\/v2\/comments?post=318603"}],"version-history":[{"count":0,"href":"https:\/\/zjarr.tv\/sq\/wp-json\/wp\/v2\/posts\/318603\/revisions"}],"wp:featuredmedia":[{"embeddable":true,"href":"https:\/\/zjarr.tv\/sq\/wp-json\/wp\/v2\/media\/318604"}],"wp:attachment":[{"href":"https:\/\/zjarr.tv\/sq\/wp-json\/wp\/v2\/media?parent=318603"}],"wp:term":[{"taxonomy":"category","embeddable":true,"href":"https:\/\/zjarr.tv\/sq\/wp-json\/wp\/v2\/categories?post=318603"},{"taxonomy":"post_tag","embeddable":true,"href":"https:\/\/zjarr.tv\/sq\/wp-json\/wp\/v2\/tags?post=318603"}],"curies":[{"name":"wp","href":"https:\/\/api.w.org\/{rel}","templated":true}]}}