{"id":319690,"date":"2023-04-23T21:30:59","date_gmt":"2023-04-23T19:30:59","guid":{"rendered":"https:\/\/zjarr.tv\/?p=319690"},"modified":"2023-04-23T21:30:59","modified_gmt":"2023-04-23T19:30:59","slug":"thyhet-dera-e-kzaz-ne-kavaje-persona-te-paidentifikuar-jane-futur-brenda-godines-dhe","status":"publish","type":"post","link":"https:\/\/zjarr.tv\/sq\/thyhet-dera-e-kzaz-ne-kavaje-persona-te-paidentifikuar-jane-futur-brenda-godines-dhe\/","title":{"rendered":"Thyhet dera e KZAZ n\u00eb Kavaj\u00eb, persona t\u00eb paidentifikuar jan\u00eb futur brenda godin\u00ebs dhe\u2026"},"content":{"rendered":"<p>Nj\u00eb incident \u00ebsht\u00eb regjistruar mbr\u00ebmjen e sotme n\u00eb qytetin e Kavaj\u00ebs. Burime p\u00ebr mediat b\u00ebjn\u00eb me dije se persona t\u00eb paidentifikuar kan\u00eb thyer der\u00ebn e KZAZ n\u00eb k\u00ebt\u00eb qytetin.<\/p>\n<p>Ngjarja \u00ebsht\u00eb regjistruar n\u00eb shkoll\u00ebn 15 Marsi n\u00eb lagjen nr 3, ku ka qen\u00eb dhe vendndodhja e k\u00ebsaj KZAZ-je.<\/p>\n<p>Nga burimet m\u00ebsohet se disa persona jan\u00eb futur n\u00eb ambientet brenda godin\u00ebs, mir\u00ebpo jan\u00eb larguar menj\u00ebher\u00eb pasi jan\u00eb v\u00ebn\u00eb re nga kalimtar\u00ebt.<\/p>\n<p>Menj\u00ebher\u00eb n\u00eb vendin e ngjarjes kan\u00eb shkuar efektiv\u00ebt e Policis\u00eb, nd\u00ebrkoh\u00eb priten m\u00eb tep\u00ebr detaje n\u00eb vijim.<\/p>\n","protected":false},"excerpt":{"rendered":"<p>Nj\u00eb incident \u00ebsht\u00eb regjistruar mbr\u00ebmjen e sotme n\u00eb qytetin e Kavaj\u00ebs. Burime p\u00ebr mediat b\u00ebjn\u00eb me dije se persona t\u00eb paidentifikuar kan\u00eb thyer der\u00ebn e KZAZ n\u00eb k\u00ebt\u00eb qytetin. Ngjarja \u00ebsht\u00eb regjistruar n\u00eb shkoll\u00ebn 15 Marsi n\u00eb lagjen nr 3, ku ka qen\u00eb dhe vendndodhja e k\u00ebsaj KZAZ-je. Nga burimet m\u00ebsohet se disa persona jan\u00eb [&hellip;]<\/p>\n","protected":false},"author":2031,"featured_media":319691,"comment_status":"closed","ping_status":"closed","sticky":false,"template":"","format":"standard","meta":{"footnotes":""},"categories":[241,231,235],"tags":[],"class_list":{"0":"post-319690","1":"post","2":"type-post","3":"status-publish","4":"format-standard","5":"has-post-thumbnail","7":"category-aktualitet","8":"category-lajme","9":"category-vendi"},"_links":{"self":[{"href":"https:\/\/zjarr.tv\/sq\/wp-json\/wp\/v2\/posts\/319690","targetHints":{"allow":["GET"]}}],"collection":[{"href":"https:\/\/zjarr.tv\/sq\/wp-json\/wp\/v2\/posts"}],"about":[{"href":"https:\/\/zjarr.tv\/sq\/wp-json\/wp\/v2\/types\/post"}],"author":[{"embeddable":true,"href":"https:\/\/zjarr.tv\/sq\/wp-json\/wp\/v2\/users\/2031"}],"replies":[{"embeddable":true,"href":"https:\/\/zjarr.tv\/sq\/wp-json\/wp\/v2\/comments?post=319690"}],"version-history":[{"count":0,"href":"https:\/\/zjarr.tv\/sq\/wp-json\/wp\/v2\/posts\/319690\/revisions"}],"wp:featuredmedia":[{"embeddable":true,"href":"https:\/\/zjarr.tv\/sq\/wp-json\/wp\/v2\/media\/319691"}],"wp:attachment":[{"href":"https:\/\/zjarr.tv\/sq\/wp-json\/wp\/v2\/media?parent=319690"}],"wp:term":[{"taxonomy":"category","embeddable":true,"href":"https:\/\/zjarr.tv\/sq\/wp-json\/wp\/v2\/categories?post=319690"},{"taxonomy":"post_tag","embeddable":true,"href":"https:\/\/zjarr.tv\/sq\/wp-json\/wp\/v2\/tags?post=319690"}],"curies":[{"name":"wp","href":"https:\/\/api.w.org\/{rel}","templated":true}]}}