{"id":319715,"date":"2023-04-24T11:30:45","date_gmt":"2023-04-24T09:30:45","guid":{"rendered":"https:\/\/zjarr.tv\/?p=319715"},"modified":"2023-04-24T11:30:45","modified_gmt":"2023-04-24T09:30:45","slug":"belind-kellici-reagon-pas-akuzave-se-nuk-ka-diplome-te-shkolles-se-mesme-shpifje-nga-mediat-ceshtja-e-shkollimit-tim","status":"publish","type":"post","link":"https:\/\/zjarr.tv\/sq\/belind-kellici-reagon-pas-akuzave-se-nuk-ka-diplome-te-shkolles-se-mesme-shpifje-nga-mediat-ceshtja-e-shkollimit-tim\/","title":{"rendered":"Belind K\u00eblli\u00e7i reagon pas akuzave se nuk ka diplom\u00eb t\u00eb shkoll\u00ebs s\u00eb mesme: Shpifje nga mediat \u00e7\u00ebshtja e shkollimit tim"},"content":{"rendered":"<p>Kandidati i koalicionit \u201cBashk\u00eb fitojm\u00eb\u201d p\u00ebr Bashkin\u00eb e Tiran\u00ebs, Belind K\u00eblli\u00e7i \u00ebsht\u00eb prononcuar dit\u00ebn e sotme n\u00eb emisionin \u2018Breaking\u2019 n\u00eb Top News mbi \u00e7\u00ebshtjen e shkollimit t\u00eb tij.<\/p>\n<p>Shqiptarja.com ka publikuar dy shkrime mbi shkollimin e K\u00eblli\u00e7it ku nga dokumentet nuk ka pasur nj\u00eb diplom\u00eb t\u00eb shkoll\u00ebs t\u00eb mesme.<\/p>\n<p>\u201cShpifje nga mediat \u00e7\u00ebshtja e shkollimit tim. Kam fituar burs\u00eb dhe jam diplomuar me mesataren m\u00eb t\u00eb lart\u00eb. E gjitha kjo \u00ebsht\u00eb nj\u00eb tymnaj\u00eb p\u00ebr t\u00eb hequr v\u00ebmendjen nga fushata dhe premtimet.<\/p>\n<p>Nuk arrij ta kuptoj se \u00e7far\u00eb ka k\u00ebtu kaq t\u00eb pakuptueshme.<\/p>\n<p>Nuk ka patur moj diplom\u00eb, s\u2019ka patur. Ka patur vet\u00ebm d\u00ebftes\u00eb pjekurie.<\/p>\n<p>Un\u00eb kam shkuar n\u00eb SHBA, kam dh\u00ebn\u00eb gjith\u00eb provimet dhe kam nisur shkoll\u00ebn. Nd\u00ebrkoh\u00eb edhe n\u00eb Amerik\u00eb universiteti b\u00ebhet ne baz\u00eb kreditesh dhe e testeve q\u00eb jepen. Kaq e thjesht \u00ebsht\u00eb e gjith\u00eb historia.<\/p>\n<p>Keni minimumin e detyrimit q\u00eb kur publikoni nj\u00eb shkres\u00eb ta publikoni t\u00eb plot\u00eb&#8221;- tha Bleind K\u00eblli\u00e7i n\u00eb studio.<\/p>\n","protected":false},"excerpt":{"rendered":"<p>Kandidati i koalicionit \u201cBashk\u00eb fitojm\u00eb\u201d p\u00ebr Bashkin\u00eb e Tiran\u00ebs, Belind K\u00eblli\u00e7i \u00ebsht\u00eb prononcuar dit\u00ebn e sotme n\u00eb emisionin \u2018Breaking\u2019 n\u00eb Top News mbi \u00e7\u00ebshtjen e shkollimit t\u00eb tij. Shqiptarja.com ka publikuar dy shkrime mbi shkollimin e K\u00eblli\u00e7it ku nga dokumentet nuk ka pasur nj\u00eb diplom\u00eb t\u00eb shkoll\u00ebs t\u00eb mesme. \u201cShpifje nga mediat \u00e7\u00ebshtja e shkollimit [&hellip;]<\/p>\n","protected":false},"author":2030,"featured_media":319716,"comment_status":"closed","ping_status":"closed","sticky":false,"template":"","format":"standard","meta":{"footnotes":""},"categories":[241,3366,5380,231,1454],"tags":[],"class_list":{"0":"post-319715","1":"post","2":"type-post","3":"status-publish","4":"format-standard","5":"has-post-thumbnail","7":"category-aktualitet","8":"category-koment","9":"category-kryesore","10":"category-lajme","11":"category-politike"},"_links":{"self":[{"href":"https:\/\/zjarr.tv\/sq\/wp-json\/wp\/v2\/posts\/319715","targetHints":{"allow":["GET"]}}],"collection":[{"href":"https:\/\/zjarr.tv\/sq\/wp-json\/wp\/v2\/posts"}],"about":[{"href":"https:\/\/zjarr.tv\/sq\/wp-json\/wp\/v2\/types\/post"}],"author":[{"embeddable":true,"href":"https:\/\/zjarr.tv\/sq\/wp-json\/wp\/v2\/users\/2030"}],"replies":[{"embeddable":true,"href":"https:\/\/zjarr.tv\/sq\/wp-json\/wp\/v2\/comments?post=319715"}],"version-history":[{"count":0,"href":"https:\/\/zjarr.tv\/sq\/wp-json\/wp\/v2\/posts\/319715\/revisions"}],"wp:featuredmedia":[{"embeddable":true,"href":"https:\/\/zjarr.tv\/sq\/wp-json\/wp\/v2\/media\/319716"}],"wp:attachment":[{"href":"https:\/\/zjarr.tv\/sq\/wp-json\/wp\/v2\/media?parent=319715"}],"wp:term":[{"taxonomy":"category","embeddable":true,"href":"https:\/\/zjarr.tv\/sq\/wp-json\/wp\/v2\/categories?post=319715"},{"taxonomy":"post_tag","embeddable":true,"href":"https:\/\/zjarr.tv\/sq\/wp-json\/wp\/v2\/tags?post=319715"}],"curies":[{"name":"wp","href":"https:\/\/api.w.org\/{rel}","templated":true}]}}