{"id":322185,"date":"2023-05-21T14:49:46","date_gmt":"2023-05-21T12:49:46","guid":{"rendered":"https:\/\/zjarr.tv\/?p=322185"},"modified":"2023-05-21T14:49:46","modified_gmt":"2023-05-21T12:49:46","slug":"pse-nuk-humbet-rama-asnjehere","status":"publish","type":"post","link":"https:\/\/zjarr.tv\/sq\/pse-nuk-humbet-rama-asnjehere\/","title":{"rendered":"Pse nuk humbet Rama, asnj\u00ebher\u00eb!"},"content":{"rendered":"<p>Nga Dritan Hila<\/p>\n<p>Benet Beci ka qen\u00eb resurs i s\u00eb djatht\u00ebs deri n\u00eb 2013-\u00ebn. Pjerin Ndreu ka qen\u00eb aset i LSI-s\u00eb deri n\u00eb vitin 2009. K\u00ebta jan\u00eb dy shembuj sa p\u00ebr fillim.<\/p>\n<p>Oltion Cacin, aq sa e njoh, nuk m\u00eb \u00ebsht\u00eb dukur kurr\u00eb ndonj\u00eb majtist n\u00eb ide. T\u00eb gjith\u00eb k\u00ebta jan\u00eb tashm\u00eb bashkiak\u00eb socialist\u00eb t\u00eb zgjedhur me diferenca votash p\u00ebrtej fantazive hajdut\u00ebrore t\u00eb Berish\u00ebs dhe Met\u00ebs. Ermal Dredha \u00ebsht\u00eb aset i s\u00eb majt\u00ebs, por siguroi 230 milion\u00eb euro ndihm\u00eb p\u00ebr t\u00ebrmetin nd\u00ebrsa ishte ambasador n\u00eb Emiratet e Bashkuara dhe kjo i ra n\u00eb sy Ram\u00ebs, nd\u00ebrsa rreth e rrotull kishte k\u00ebshillin e ndrikullave q\u00eb prodhonin llafe e jo para n\u00eb koh\u00ebn q\u00eb Rama kishte nevoj\u00eb urgjente p\u00ebr valut\u00eb q\u00eb t\u00eb strehonte njer\u00ebzit. Dredha prodhoi para dhe jo llafe.<\/p>\n<p>Flamur Golemi ishte mjeku q\u00eb rast\u00ebsia e solli n\u00eb krye t\u00eb Gjirokastr\u00ebs, por rezultoi mashkulloriti q\u00eb i dha frym\u00eb e jet\u00eb k\u00ebtij qyteti m\u00eb shum\u00eb se disa kryebashkiak\u00eb q\u00eb prodhuan fjal\u00eb e kulla t\u00eb sh\u00ebmtuara n\u00eb qytetin q\u00eb vler\u00eb ka arkitektur\u00ebn e konak\u00ebve. Tet\u00eb vite m\u00eb par\u00eb Gjirokastra po katandisej n\u00eb fshat. Golemi i riktheu hijen e dikurshme.<\/p>\n<p>Lista \u00ebsht\u00eb e gjat\u00eb. N\u00eb analiz\u00ebn e humbjes s\u00eb t\u00eb djatht\u00ebs, p\u00ebrve\u00e7 arsyeve serioze, boria mediatike e Berish\u00ebs \u00ebsht\u00eb gufosur n\u00eb argumentet e lidhura me blerjen e votave. N\u00eb fakt \u00ebsht\u00eb \u00e7\u00ebshtje modernizimi. Rama ka dhuntin\u00eb e asaj q\u00eb quhet \u201ctalent scout\u201d-zbulues talentesh. P\u00ebr Ram\u00ebn nuk ka r\u00ebnd\u00ebsi je i majt\u00eb apo i djatht\u00eb. N\u00ebse ti prodhon vota, pare dhe b\u00ebn pun\u00eb, at\u00ebher\u00eb merr sigl\u00ebn e PS-s\u00eb dhe merr votat.<\/p>\n<p>S\u00eb dyti ka lidhje me sklerotizimin e kund\u00ebrshtar\u00ebve t\u00eb tij. T\u00eb gjith\u00eb k\u00ebta, pa p\u00ebrjashtim, kan\u00eb hallin e kioskave t\u00eb tyre, se mos dikush me mendim politik, u rrezikon kryet e oxhakut. Nuk e kan\u00eb keq. Ja, p\u00ebr shembull, kan\u00eb fituar Mirdit\u00ebn, Hasin dhe Memaliajin. Pak si t\u00eb vogla p\u00ebr t\u2019u marr\u00eb seriozisht, por t\u00eb mjaftueshme p\u00ebr t\u00eb luajtur opozitash.(Dritare.net)<\/p>\n","protected":false},"excerpt":{"rendered":"<p>Nga Dritan Hila Benet Beci ka qen\u00eb resurs i s\u00eb djatht\u00ebs deri n\u00eb 2013-\u00ebn. Pjerin Ndreu ka qen\u00eb aset i LSI-s\u00eb deri n\u00eb vitin 2009. K\u00ebta jan\u00eb dy shembuj sa p\u00ebr fillim. Oltion Cacin, aq sa e njoh, nuk m\u00eb \u00ebsht\u00eb dukur kurr\u00eb ndonj\u00eb majtist n\u00eb ide. T\u00eb gjith\u00eb k\u00ebta jan\u00eb tashm\u00eb bashkiak\u00eb socialist\u00eb t\u00eb [&hellip;]<\/p>\n","protected":false},"author":2030,"featured_media":185117,"comment_status":"closed","ping_status":"closed","sticky":false,"template":"","format":"standard","meta":{"footnotes":""},"categories":[241,3365,3366,5380,231,1454],"tags":[],"class_list":{"0":"post-322185","1":"post","2":"type-post","3":"status-publish","4":"format-standard","5":"has-post-thumbnail","7":"category-aktualitet","8":"category-analize","9":"category-koment","10":"category-kryesore","11":"category-lajme","12":"category-politike"},"_links":{"self":[{"href":"https:\/\/zjarr.tv\/sq\/wp-json\/wp\/v2\/posts\/322185","targetHints":{"allow":["GET"]}}],"collection":[{"href":"https:\/\/zjarr.tv\/sq\/wp-json\/wp\/v2\/posts"}],"about":[{"href":"https:\/\/zjarr.tv\/sq\/wp-json\/wp\/v2\/types\/post"}],"author":[{"embeddable":true,"href":"https:\/\/zjarr.tv\/sq\/wp-json\/wp\/v2\/users\/2030"}],"replies":[{"embeddable":true,"href":"https:\/\/zjarr.tv\/sq\/wp-json\/wp\/v2\/comments?post=322185"}],"version-history":[{"count":1,"href":"https:\/\/zjarr.tv\/sq\/wp-json\/wp\/v2\/posts\/322185\/revisions"}],"predecessor-version":[{"id":322187,"href":"https:\/\/zjarr.tv\/sq\/wp-json\/wp\/v2\/posts\/322185\/revisions\/322187"}],"wp:featuredmedia":[{"embeddable":true,"href":"https:\/\/zjarr.tv\/sq\/wp-json\/wp\/v2\/media\/185117"}],"wp:attachment":[{"href":"https:\/\/zjarr.tv\/sq\/wp-json\/wp\/v2\/media?parent=322185"}],"wp:term":[{"taxonomy":"category","embeddable":true,"href":"https:\/\/zjarr.tv\/sq\/wp-json\/wp\/v2\/categories?post=322185"},{"taxonomy":"post_tag","embeddable":true,"href":"https:\/\/zjarr.tv\/sq\/wp-json\/wp\/v2\/tags?post=322185"}],"curies":[{"name":"wp","href":"https:\/\/api.w.org\/{rel}","templated":true}]}}