{"id":328177,"date":"2023-07-20T17:46:30","date_gmt":"2023-07-20T15:46:30","guid":{"rendered":"https:\/\/zjarr.tv\/?p=328177"},"modified":"2023-07-20T17:46:30","modified_gmt":"2023-07-20T15:46:30","slug":"tritan-kalos-i-njoftohet-dalja-ne-pension-mjeku-i-kthehet-keq-ministres-manastirliu-spati-kohe-per-te","status":"publish","type":"post","link":"https:\/\/zjarr.tv\/sq\/tritan-kalos-i-njoftohet-dalja-ne-pension-mjeku-i-kthehet-keq-ministres-manastirliu-spati-kohe-per-te\/","title":{"rendered":"Tritan Kalos i njoftohet dalja n\u00eb pension, mjeku i kthehet keq ministres Manastirliu: S\u2019pati koh\u00eb p\u00ebr t\u00eb&#8230;"},"content":{"rendered":"<p>Mjeku Tritan Kalo ka dal\u00eb n\u00eb pension pas nj\u00eb kontributi 42 vje\u00e7ar n\u00eb spitalin infektiv. Ai \u00ebsht\u00eb v\u00ebn\u00eb n\u00eb dijeni p\u00ebr daljen e tij n\u00eb pension, p\u00ebrmes nj\u00eb shkrese nga QSUT.<\/p>\n<p>N\u00eb nj\u00eb postim n\u00eb Facebook, mjeku i cili asnj\u00ebher\u00eb nuk shkoi n\u00eb vij\u00ebn e partis\u00eb, shkroi se Ministria e Sh\u00ebndet\u00ebsis\u00eb ishte shum\u00eb e z\u00ebn\u00eb p\u00ebr t\u00eb treguar s\u00eb paku nj\u00eb mir\u00ebnjohje p\u00ebr vitet e gjata t\u00eb pun\u00ebs n\u00eb Infektiv.<\/p>\n<p>&#8220;MSHMS nga ana e saj kishte shum\u00eb e shum\u00eb obligime t\u00eb tjera, p\u00ebr t\u00eb evidentuar pun\u00ebn dhe t\u00eb kontributin e t\u00eb gjith\u00eb atyre, q\u00eb \u201csapo kan\u00eb filluar t\u00eb cic\u00ebrojn\u00eb\u201d n\u00eb \u201ckop\u00ebshtin e madh t\u00eb P\u00ebrkujdesit Sh\u00ebndetsor Komb\u00ebtar\u201d, sa nuk e gjeti t\u00eb mund\u00ebshme t\u00eb p\u00ebrcillte n\u00eb faqen e saj zyrtare s\u00eb paku nj\u00eb foto e nj\u00eb mesazh falenderues p\u00ebr kontributin 42 vje\u00e7ar t\u00eb nj\u00eb individi \u201ckenedian\u201d si un\u00eb&#8221;,  shkruan Kalo.<\/p>\n<p>20.07.2023\u2026..Dy dit\u00eb pas daljes n\u00eb pension e ke koh\u00ebn e mjaft\u00eb t\u00eb lexosh me kujdes shkres\u00ebn e ardhur nga Burimet Njer\u00ebzore t\u00eb Drejtoris\u00eb s\u00eb QSUNT-s\u00eb, me an\u00eb t\u00eb s\u00eb cil\u00ebs ti njoftohesh p\u00ebr daljen p\u00ebrfundimtare n\u00eb pension\u2026..<\/p>\n<p>ASGJ\u00cb jo normale jasht\u00eb praktik\u00ebs burokratike t\u00eb njoftimeve n\u00eb raste t\u00eb ngjashme\u2026..AJO q\u00eb m\u00eb befasoj ishte rreshti i fundit i shkres\u00ebs, ku \u201cshprehej e koncentruar MIR\u00cbNJOHJA INSTITUCIONALE\u201d, p\u00ebr kontributin tim 42 vje\u00e7ar n\u00eb Sh\u00ebrbimin e S\u00ebmundjeve Infektive t\u00eb QSUT-s\u00eb, n\u00eb lidhje me Ofrimin e P\u00ebrkujdesit Mjeksor sa m\u00eb cil\u00ebsor p\u00ebr mijra e mijra t\u00eb s\u00ebmur\u00eb, n\u00eb kushte shpesh t\u00eb rrezikshme edhe p\u00ebr vet\u00eb jet\u00ebn time, nisur nga natyra kontagioze jet\u00ebl\u00ebnduese dhe jet\u00ebmarr\u00ebse e shum\u00eb e shum\u00eb S\u00ebmundjeve Infektive\u2026..<\/p>\n<p>\u201dDORA E NGROHT\u00cb E PUSHT-SHTETIT\u201d ishte e lodhur p\u00ebr t\u00eb shprehur di\u00e7ka m\u00eb shum\u00eb p\u00ebr PUN\u00cbN, PROFESIONALIZMIN dhe P\u00cbRKUSHTIMIN tim ndaj popullit dhe v\u00ebndit tim\u2026..MSHMS nga ana e saj kishte shum\u00eb e shum\u00eb obligime t\u00eb tjera, p\u00ebr t\u00eb evidentuar pun\u00ebn dhe t\u00eb kontributin e t\u00eb gjith\u00eb atyre, q\u00eb \u201csapo kan\u00eb filluar t\u00eb cic\u00ebrojn\u00eb\u201d n\u00eb \u201ckop\u00ebshtin e madh t\u00eb P\u00ebrkujdesit Sh\u00ebndetsor Komb\u00ebtar\u201d, sa nuk e gjeti t\u00eb mund\u00ebshme t\u00eb p\u00ebrcillte n\u00eb faqen e saj zyrtare s\u00eb paku nj\u00eb foto e nj\u00eb mesazh falenderues p\u00ebr kontributin 42 vje\u00e7ar t\u00eb nj\u00eb individi \u201ckenedian\u201d si un\u00eb, i cili n\u00eb \u00e7do koh\u00eb e rrethan\u00eb KURR\u00cb nuk pa se \u00e7far\u00eb b\u00ebri Atdheu p\u00ebr t\u00eb, p\u00ebrkundrazi me mish e me shpirt u p\u00ebrpoq t\u00eb b\u00ebj m\u00eb t\u00eb mir\u00ebn p\u00ebr v\u00ebndin e p\u00ebr popullin e tij\u2026..Vet\u00ebm KM u kujdes q\u00eb urimi i tij i p\u00ebrvitsh\u00ebm p\u00ebr dit\u00eblindje t\u00eb mos mungoj\u00eb\u2026..ZEM\u00cbRNGROH\u00cbS ishte fakti se s\u00eb paku ndjenjat e respektit e t\u00eb mir\u00ebnjohjes s\u00eb nj\u00eb populli t\u00eb t\u00ebr\u00eb ndaj pun\u00ebs e kontributit tim, u shpreh\u00ebn m\u00eb bukur e m\u00eb fuqish\u00ebm se kurr\u00eb ndonj\u00ebher\u00eb\u2026..<\/p>\n<p>Together forever!!! N.B.: Portale, ju lutem N\u00cb RAST riprodhimi t\u00eb k\u00ebtij postimi mos i deformoni atij thelbin, duke vendosur tituj bombastik, p\u00ebr q\u00ebllimet tuaja editoriale\u2026..<\/p>\n","protected":false},"excerpt":{"rendered":"<p>Mjeku Tritan Kalo ka dal\u00eb n\u00eb pension pas nj\u00eb kontributi 42 vje\u00e7ar n\u00eb spitalin infektiv. Ai \u00ebsht\u00eb v\u00ebn\u00eb n\u00eb dijeni p\u00ebr daljen e tij n\u00eb pension, p\u00ebrmes nj\u00eb shkrese nga QSUT. N\u00eb nj\u00eb postim n\u00eb Facebook, mjeku i cili asnj\u00ebher\u00eb nuk shkoi n\u00eb vij\u00ebn e partis\u00eb, shkroi se Ministria e Sh\u00ebndet\u00ebsis\u00eb ishte shum\u00eb e z\u00ebn\u00eb [&hellip;]<\/p>\n","protected":false},"author":2037,"featured_media":317698,"comment_status":"closed","ping_status":"closed","sticky":false,"template":"","format":"standard","meta":{"footnotes":""},"categories":[241,364,5380,231,235],"tags":[],"class_list":{"0":"post-328177","1":"post","2":"type-post","3":"status-publish","4":"format-standard","5":"has-post-thumbnail","7":"category-aktualitet","8":"category-koment-opinion","9":"category-kryesore","10":"category-lajme","11":"category-vendi"},"_links":{"self":[{"href":"https:\/\/zjarr.tv\/sq\/wp-json\/wp\/v2\/posts\/328177","targetHints":{"allow":["GET"]}}],"collection":[{"href":"https:\/\/zjarr.tv\/sq\/wp-json\/wp\/v2\/posts"}],"about":[{"href":"https:\/\/zjarr.tv\/sq\/wp-json\/wp\/v2\/types\/post"}],"author":[{"embeddable":true,"href":"https:\/\/zjarr.tv\/sq\/wp-json\/wp\/v2\/users\/2037"}],"replies":[{"embeddable":true,"href":"https:\/\/zjarr.tv\/sq\/wp-json\/wp\/v2\/comments?post=328177"}],"version-history":[{"count":1,"href":"https:\/\/zjarr.tv\/sq\/wp-json\/wp\/v2\/posts\/328177\/revisions"}],"predecessor-version":[{"id":328178,"href":"https:\/\/zjarr.tv\/sq\/wp-json\/wp\/v2\/posts\/328177\/revisions\/328178"}],"wp:featuredmedia":[{"embeddable":true,"href":"https:\/\/zjarr.tv\/sq\/wp-json\/wp\/v2\/media\/317698"}],"wp:attachment":[{"href":"https:\/\/zjarr.tv\/sq\/wp-json\/wp\/v2\/media?parent=328177"}],"wp:term":[{"taxonomy":"category","embeddable":true,"href":"https:\/\/zjarr.tv\/sq\/wp-json\/wp\/v2\/categories?post=328177"},{"taxonomy":"post_tag","embeddable":true,"href":"https:\/\/zjarr.tv\/sq\/wp-json\/wp\/v2\/tags?post=328177"}],"curies":[{"name":"wp","href":"https:\/\/api.w.org\/{rel}","templated":true}]}}