{"id":328513,"date":"2023-07-26T12:02:46","date_gmt":"2023-07-26T10:02:46","guid":{"rendered":"https:\/\/zjarr.tv\/?p=328513"},"modified":"2023-07-26T12:02:46","modified_gmt":"2023-07-26T10:02:46","slug":"gazment-bardhi-reagon-pas-deklaratave-kercenuese-te-bashes-keqardhje-per-tronditjen","status":"publish","type":"post","link":"https:\/\/zjarr.tv\/sq\/gazment-bardhi-reagon-pas-deklaratave-kercenuese-te-bashes-keqardhje-per-tronditjen\/","title":{"rendered":"Gazment Bardhi reagon pas deklaratave k\u00ebrc\u00ebnuese t\u00eb Bash\u00ebs: Keqardhje p\u00ebr tronditjen"},"content":{"rendered":"<p>Gazment Bardhi i \u00ebsht\u00eb p\u00ebrgjigjur reagimit q\u00eb Lulzim Basha ka b\u00ebr\u00eb n\u00eb drejtim t\u00eb tij duke u fshehur pas nj\u00eb faqeje webi (pd.al), ku Bardhi parajam\u00ebrohet se do ket\u00eb fatin e t\u00eb tjer\u00ebve, p\u00ebrjashtimin, n\u00ebse i b\u00ebhet penges\u00eb Lulit n\u00eb pengmarrjen e simboleve t\u00eb Partis\u00eb Demokratike.<\/p>\n<p>Bardhi n\u00eb nj\u00eb postim n\u00eb Twitter e ka quajtur hubje qet\u00ebsie p\u00ebrpjekjet e Bash\u00ebs dhe grupit t\u00eb tij p\u00ebr ta delegjitimuar at\u00eb si Sekretar i P\u00ebrgjithsh\u00ebm i PD-s\u00eb s\u00eb vul\u00ebs. Pretendimet e grupit t\u00eb Bash\u00ebs Bardhi i ka hedhur posht\u00eb duke publikuar procesverbalin e mbledhjes s\u00eb K\u00ebshillit Komb\u00ebtar t\u00eb PD.<\/p>\n<p>Reagimi i Gazment Bardhit:<\/p>\n<p>&#8221;Dy standartet jan\u00eb shenj\u00eb humbje qet\u00ebsie! Mbledhjen e K\u00ebshillit Komb\u00ebtar e kam thirrur bazuar n\u00eb nenin 46 pika 4 e Statutit t\u00eb PD. Mbledhja online parashikohet nga Rregullorja e KK dhe \u00ebsht\u00eb aplikuar nga vet\u00eb koleg\u00ebt. M\u00eb posht\u00eb procesverbali p\u00ebrkat\u00ebs. Keqardhje p\u00ebr tronditjen!&#8221;<\/p>\n","protected":false},"excerpt":{"rendered":"<p>Gazment Bardhi i \u00ebsht\u00eb p\u00ebrgjigjur reagimit q\u00eb Lulzim Basha ka b\u00ebr\u00eb n\u00eb drejtim t\u00eb tij duke u fshehur pas nj\u00eb faqeje webi (pd.al), ku Bardhi parajam\u00ebrohet se do ket\u00eb fatin e t\u00eb tjer\u00ebve, p\u00ebrjashtimin, n\u00ebse i b\u00ebhet penges\u00eb Lulit n\u00eb pengmarrjen e simboleve t\u00eb Partis\u00eb Demokratike. Bardhi n\u00eb nj\u00eb postim n\u00eb Twitter e ka quajtur [&hellip;]<\/p>\n","protected":false},"author":2030,"featured_media":328514,"comment_status":"closed","ping_status":"closed","sticky":false,"template":"","format":"standard","meta":{"footnotes":""},"categories":[241,3366,231,1454],"tags":[],"class_list":{"0":"post-328513","1":"post","2":"type-post","3":"status-publish","4":"format-standard","5":"has-post-thumbnail","7":"category-aktualitet","8":"category-koment","9":"category-lajme","10":"category-politike"},"_links":{"self":[{"href":"https:\/\/zjarr.tv\/sq\/wp-json\/wp\/v2\/posts\/328513","targetHints":{"allow":["GET"]}}],"collection":[{"href":"https:\/\/zjarr.tv\/sq\/wp-json\/wp\/v2\/posts"}],"about":[{"href":"https:\/\/zjarr.tv\/sq\/wp-json\/wp\/v2\/types\/post"}],"author":[{"embeddable":true,"href":"https:\/\/zjarr.tv\/sq\/wp-json\/wp\/v2\/users\/2030"}],"replies":[{"embeddable":true,"href":"https:\/\/zjarr.tv\/sq\/wp-json\/wp\/v2\/comments?post=328513"}],"version-history":[{"count":1,"href":"https:\/\/zjarr.tv\/sq\/wp-json\/wp\/v2\/posts\/328513\/revisions"}],"predecessor-version":[{"id":328515,"href":"https:\/\/zjarr.tv\/sq\/wp-json\/wp\/v2\/posts\/328513\/revisions\/328515"}],"wp:featuredmedia":[{"embeddable":true,"href":"https:\/\/zjarr.tv\/sq\/wp-json\/wp\/v2\/media\/328514"}],"wp:attachment":[{"href":"https:\/\/zjarr.tv\/sq\/wp-json\/wp\/v2\/media?parent=328513"}],"wp:term":[{"taxonomy":"category","embeddable":true,"href":"https:\/\/zjarr.tv\/sq\/wp-json\/wp\/v2\/categories?post=328513"},{"taxonomy":"post_tag","embeddable":true,"href":"https:\/\/zjarr.tv\/sq\/wp-json\/wp\/v2\/tags?post=328513"}],"curies":[{"name":"wp","href":"https:\/\/api.w.org\/{rel}","templated":true}]}}