{"id":35096,"date":"2017-05-14T22:13:37","date_gmt":"2017-05-14T20:13:37","guid":{"rendered":"http:\/\/zjarr.tv\/?p=35096"},"modified":"2017-05-14T22:13:37","modified_gmt":"2017-05-14T20:13:37","slug":"360-grade-zevendesndihmes-sekretari-amerikan-i-shtetit-yee-kunder-bojktotit","status":"publish","type":"post","link":"https:\/\/zjarr.tv\/sq\/360-grade-zevendesndihmes-sekretari-amerikan-i-shtetit-yee-kunder-bojktotit\/","title":{"rendered":"360\u00b0 Grad\u00eb -Z\u00cbVEND\u00cbSNDIHM\u00cbS SEKRETARI AMERIKAN I SHTETIT YEE KUNDER BOJKTOTIT"},"content":{"rendered":"<p><span style=\"color: #000000;\"><span style=\"font-size: large;\">Z\u00ebvend\u00ebsndihm\u00ebs Sekretari Amerikan i Shtetit, Hoyt Brian Yee, i cili viziton t\u00eb h\u00ebn\u00ebn Tiran\u00ebn, ka p\u00ebrcjelle mesazhin kund\u00ebr bojkotit si nj\u00eb p\u00ebrpjekje e fundit q\u00eb mazhoranca dhe opozita t\u00eb arrijn\u00eb nj\u00eb marr\u00ebveshje p\u00ebr zgjidhjen e kriz\u00ebs.<\/span><\/span> <span style=\"color: #231f20;\"><span style=\"font-size: large;\">Gjat\u00eb fjal\u00ebs s\u00eb tij n\u00eb forumin rajonal p\u00ebr siguri \u201c2BS\u201d n\u00eb Budva t\u00eb Malit t\u00eb Zi, zyrtari i lart\u00eb amerikan tha se Qeverit\u00eb n\u00eb rajonin e Ballkanit duhet t\u00eb luftojn\u00eb kund\u00ebr korrupsionit dhe udh\u00ebheq\u00ebsit e rajonit duhet t\u00eb gjejn\u00eb kuraj\u00ebn politike, p\u00ebr t\u00eb b\u00ebr\u00eb reformat e nevojshme n\u00eb interes t\u00eb qytetar\u00ebve.<\/span><\/span><span style=\"color: #231f20;\"><span style=\"font-family: Verdana, serif;\"><span style=\"font-size: small;\">\u00a0<\/span><\/span><\/span><span style=\"color: #000000;\"><span style=\"font-size: large;\"> \u201c<\/span><\/span><span style=\"color: #000000;\"><span style=\"font-size: large;\"><b>Parlamentet duhet t\u00eb p\u00ebrfaq\u00ebsojn\u00eb dhe mbrojn\u00eb interesat e qytetar\u00ebve. Deputet\u00ebt q\u00eb bojkotojn\u00eb Parlamentin, shmangin p\u00ebrgjegj\u00ebsin\u00eb e tyre dhe injorojn\u00eb k\u00ebshill\u00ebn e ish-Presidentit t\u00eb Shteteve t\u00eb Bashkuara t\u00eb Amerik\u00ebs, Roosevelt, se \u00ebsht\u00eb m\u00eb mir\u00eb t\u00eb jesh nj\u00eb lider i guximsh\u00ebm n\u00eb aren\u00eb sesa nj\u00eb kritik apo v\u00ebzhgues nga jasht\u00eb\u201d<\/b><\/span><\/span><span style=\"color: #000000;\"><span style=\"font-size: large;\">.<\/span><\/span><span style=\"color: #000000;\"><span style=\"font-size: large;\">\u00a0<\/span><\/span><\/p>\n<p><span style=\"font-family: 'Times New Roman', serif;\"><span style=\"font-size: medium;\"><span style=\"color: #000000;\"><span style=\"font-size: large;\">Zyrtari I larte amerikan Yee do t\u00eb takoj\u00eb t\u00eb h\u00ebn\u00ebn krer\u00ebt m\u00eb t\u00eb lart\u00eb t\u00eb shtetit dhe p\u00ebrfaq\u00ebsuesit e opozit\u00ebs dhe kjo shikohet si l\u00ebvizja e fundit e nd\u00ebrkomb\u00ebtar\u00ebve q\u00eb mund t\u2019i \u00e7oj\u00eb pal\u00ebt drejt nj\u00eb marr\u00ebveshjeje p\u00ebr zgjidhjen e kriz\u00ebs. Ndoshta ky do te jete rasti I duhur qe faktori nderkombetar te arrije te sheshoje mosmarrveshjet mazhorance-opozite dhe te shkohet ne zgjedhjet e 18 qershorit me pjesemarrjen edhe te opozites. Ne rast se dhe kete here nuk arrihet marreveshje dhe nje here politika shqiptare do te tregoje papergjegjshemerine dhe papjekurine qe e karakterizon gjate ketyre 26 viteve trazicion.<\/span><\/span><\/span><\/span><\/p>\n<p><iframe loading=\"lazy\" title=\"360\u00b0 Grad\u00eb -Z\u00ebvend\u00ebsndihm\u00ebs Sekretari Amerikan I Shtetit Yee Kunder Bojktotit\" width=\"696\" height=\"392\" src=\"https:\/\/www.youtube.com\/embed\/L8E1R791rg8?feature=oembed\" frameborder=\"0\" allow=\"accelerometer; autoplay; clipboard-write; encrypted-media; gyroscope; picture-in-picture\" allowfullscreen><\/iframe><\/p>\n<p>Web: http:\/\/zjarr.tv\/<br \/>\nFacebook: http:\/\/ift.tt\/1Nj96ih<br \/>\nYoutube: https:\/\/youtube.com\/c\/ZjarrTelevizion<\/p>\n","protected":false},"excerpt":{"rendered":"<p>Z\u00ebvend\u00ebsndihm\u00ebs Sekretari Amerikan i Shtetit, Hoyt Brian Yee, i cili viziton t\u00eb h\u00ebn\u00ebn Tiran\u00ebn, ka p\u00ebrcjelle mesazhin kund\u00ebr bojkotit si nj\u00eb p\u00ebrpjekje e fundit q\u00eb mazhoranca dhe opozita t\u00eb arrijn\u00eb nj\u00eb marr\u00ebveshje p\u00ebr zgjidhjen e kriz\u00ebs. Gjat\u00eb fjal\u00ebs s\u00eb tij n\u00eb forumin rajonal p\u00ebr siguri \u201c2BS\u201d n\u00eb Budva t\u00eb Malit t\u00eb Zi, zyrtari i lart\u00eb [&hellip;]<\/p>\n","protected":false},"author":2044,"featured_media":0,"comment_status":"closed","ping_status":"closed","sticky":false,"template":"","format":"standard","meta":{"footnotes":""},"categories":[198,241,231,1,235],"tags":[250],"class_list":{"0":"post-35096","1":"post","2":"type-post","3":"status-publish","4":"format-standard","6":"category-360-grade","7":"category-aktualitet","8":"category-lajme","9":"category-uncategorized-sq","10":"category-vendi","11":"tag-web-httpzjarr-tv-facebook-httpsfacebook-comzjarrtelevizion-youtube-httpsyoutube-comczjarrtelevizion"},"_links":{"self":[{"href":"https:\/\/zjarr.tv\/sq\/wp-json\/wp\/v2\/posts\/35096","targetHints":{"allow":["GET"]}}],"collection":[{"href":"https:\/\/zjarr.tv\/sq\/wp-json\/wp\/v2\/posts"}],"about":[{"href":"https:\/\/zjarr.tv\/sq\/wp-json\/wp\/v2\/types\/post"}],"author":[{"embeddable":true,"href":"https:\/\/zjarr.tv\/sq\/wp-json\/wp\/v2\/users\/2044"}],"replies":[{"embeddable":true,"href":"https:\/\/zjarr.tv\/sq\/wp-json\/wp\/v2\/comments?post=35096"}],"version-history":[{"count":0,"href":"https:\/\/zjarr.tv\/sq\/wp-json\/wp\/v2\/posts\/35096\/revisions"}],"wp:attachment":[{"href":"https:\/\/zjarr.tv\/sq\/wp-json\/wp\/v2\/media?parent=35096"}],"wp:term":[{"taxonomy":"category","embeddable":true,"href":"https:\/\/zjarr.tv\/sq\/wp-json\/wp\/v2\/categories?post=35096"},{"taxonomy":"post_tag","embeddable":true,"href":"https:\/\/zjarr.tv\/sq\/wp-json\/wp\/v2\/tags?post=35096"}],"curies":[{"name":"wp","href":"https:\/\/api.w.org\/{rel}","templated":true}]}}