{"id":35114,"date":"2017-05-15T16:02:15","date_gmt":"2017-05-15T14:02:15","guid":{"rendered":"http:\/\/zjarr.tv\/?p=35114"},"modified":"2017-05-15T16:02:15","modified_gmt":"2017-05-15T14:02:15","slug":"identifikohet-viktima-e-vrasjes-ne-mat","status":"publish","type":"post","link":"https:\/\/zjarr.tv\/sq\/identifikohet-viktima-e-vrasjes-ne-mat\/","title":{"rendered":"Identifikohet viktima e vrasjes n\u00eb Mat"},"content":{"rendered":"<p>Policia e Matit ka identifikuar personin q\u00eb humbi jet\u00ebn nga nj\u00eb bresh\u00ebri plumbash para der\u00ebs s\u00eb sht\u00ebpis\u00eb s\u00eb tij.<\/p>\n<p>60-vje\u00e7ari q\u00eb humbi jet\u00ebn \u00ebsht\u00eb shtetasi Hajredin Lleshi nga fshti Rukaj i Matit.<\/p>\n<p>Dyshimet e para bien mbi nj\u00eb hakmarrje, nd\u00ebrkoh\u00eb para disa vitesh viktim\u00ebs i kan\u00eb vrar\u00eb edhe v\u00ebllain.<\/p>\n<p>Policia b\u00ebn me dije se ka nisur hetimet p\u00ebr zbardhjen e ngjarjes si dhe identifikimin dhe arrestimin e autor\u00ebve t\u00eb krimit.<\/p>\n<p>Policia ka b\u00ebr\u00eb me dije se ka qen\u00eb djali i Hajredin Lleshit ai q\u00eb i ka telefonuar p\u00ebr vrasjen e t\u00eb atit, duke u th\u00ebn\u00eb:<\/p>\n<blockquote><p>Persona t\u00eb pa njohur me nj\u00eb automjet,\u00a0m\u00eb kan\u00eb vrar\u00eb babain.\u201d<\/p><\/blockquote>\n","protected":false},"excerpt":{"rendered":"<p>Policia e Matit ka identifikuar personin q\u00eb humbi jet\u00ebn nga nj\u00eb bresh\u00ebri plumbash para der\u00ebs s\u00eb sht\u00ebpis\u00eb s\u00eb tij. 60-vje\u00e7ari q\u00eb humbi jet\u00ebn \u00ebsht\u00eb shtetasi Hajredin Lleshi nga fshti Rukaj i Matit. Dyshimet e para bien mbi nj\u00eb hakmarrje, nd\u00ebrkoh\u00eb para disa vitesh viktim\u00ebs i kan\u00eb vrar\u00eb edhe v\u00ebllain. Policia b\u00ebn me dije se ka [&hellip;]<\/p>\n","protected":false},"author":2044,"featured_media":0,"comment_status":"closed","ping_status":"closed","sticky":false,"template":"","format":"standard","meta":{"footnotes":""},"categories":[198,241,231,1,235],"tags":[],"class_list":{"0":"post-35114","1":"post","2":"type-post","3":"status-publish","4":"format-standard","6":"category-360-grade","7":"category-aktualitet","8":"category-lajme","9":"category-uncategorized-sq","10":"category-vendi"},"_links":{"self":[{"href":"https:\/\/zjarr.tv\/sq\/wp-json\/wp\/v2\/posts\/35114","targetHints":{"allow":["GET"]}}],"collection":[{"href":"https:\/\/zjarr.tv\/sq\/wp-json\/wp\/v2\/posts"}],"about":[{"href":"https:\/\/zjarr.tv\/sq\/wp-json\/wp\/v2\/types\/post"}],"author":[{"embeddable":true,"href":"https:\/\/zjarr.tv\/sq\/wp-json\/wp\/v2\/users\/2044"}],"replies":[{"embeddable":true,"href":"https:\/\/zjarr.tv\/sq\/wp-json\/wp\/v2\/comments?post=35114"}],"version-history":[{"count":0,"href":"https:\/\/zjarr.tv\/sq\/wp-json\/wp\/v2\/posts\/35114\/revisions"}],"wp:attachment":[{"href":"https:\/\/zjarr.tv\/sq\/wp-json\/wp\/v2\/media?parent=35114"}],"wp:term":[{"taxonomy":"category","embeddable":true,"href":"https:\/\/zjarr.tv\/sq\/wp-json\/wp\/v2\/categories?post=35114"},{"taxonomy":"post_tag","embeddable":true,"href":"https:\/\/zjarr.tv\/sq\/wp-json\/wp\/v2\/tags?post=35114"}],"curies":[{"name":"wp","href":"https:\/\/api.w.org\/{rel}","templated":true}]}}