{"id":35662,"date":"2017-05-29T22:40:48","date_gmt":"2017-05-29T20:40:48","guid":{"rendered":"http:\/\/zjarr.tv\/?p=35662"},"modified":"2017-05-29T22:40:48","modified_gmt":"2017-05-29T20:40:48","slug":"korce-adoleshenti-ther-me-thike-nje-bashkemoshatar-dhe-nje-28-vjecar","status":"publish","type":"post","link":"https:\/\/zjarr.tv\/sq\/korce-adoleshenti-ther-me-thike-nje-bashkemoshatar-dhe-nje-28-vjecar\/","title":{"rendered":"Kor\u00e7\u00eb \/ Adoleshenti ther me thik\u00eb nj\u00eb bashk\u00ebmoshatar dhe nj\u00eb 28-vje\u00e7ar"},"content":{"rendered":"<p>Nj\u00eb ngjarje e r\u00ebnd\u00eb ka ndodhur dit\u00ebn e sotme n\u00eb qytetin e Kor\u00e7\u00ebs, ku nj\u00eb adoleshent ka goditur me thik\u00eb dy bashk\u00ebqytetar t\u00eb tij.<\/p>\n<p>T\u00eb plagosurit m\u00ebsohet se jan\u00eb t\u00eb mosh\u00ebs 16 dhe 28 vje\u00e7, nd\u00ebrkoh\u00eb q\u00eb policia njofton se ata jan\u00eb d\u00ebrguar me urgjenc\u00eb n\u00eb spitalin e Kor\u00e7\u00ebs, nd\u00ebrsa njofton se \u00ebsht\u00eb b\u00ebr\u00eb edhe arrestimi i agresorit.<\/p>\n<blockquote><p>Arrestimi i tij u b\u00eb pasi, m\u00eb dat\u00eb 29.05.2017, n\u00eb lagjen nr 17 n\u00eb Kor\u00e7\u00eb, shtetasi i m\u00ebsip\u00ebrm pas nj\u00eb konflikti p\u00ebr motive t\u00eb dob\u00ebta dyshohet t\u00eb ket\u00eb goditur me mjet prer\u00ebs (thik\u00eb) shtetasit M.R, 16 vje\u00e7 dhe Xh.M, 28 vje\u00e7, t\u00eb dy banues n\u00eb Kor\u00e7\u00eb. Si pasoj\u00eb e plag\u00ebve t\u00eb marra shtetasit e m\u00ebsip\u00ebrm u d\u00ebrguan n\u00eb Spitalin Rajonal t\u00eb Kor\u00e7\u00ebs, ku ndodhen n\u00ebn kujdesin e mjek\u00ebve\u201d, \u2013 thuhet n\u00eb sqarimin e policis\u00eb.<\/p><\/blockquote>\n<p>Po ashtu n\u00eb njoftim thuhet se materialet i kaluan Prokuroris\u00eb t\u00eb Rrethit Gjyq\u00ebsor Kor\u00e7\u00eb p\u00ebr veprat penale \u201cVrasja me dashje, ngelur n\u00eb tentativ\u00eb\u201d dhe \u201d Plagosja e r\u00ebnd\u00eb me dashje\u201d.<\/p>\n","protected":false},"excerpt":{"rendered":"<p>Nj\u00eb ngjarje e r\u00ebnd\u00eb ka ndodhur dit\u00ebn e sotme n\u00eb qytetin e Kor\u00e7\u00ebs, ku nj\u00eb adoleshent ka goditur me thik\u00eb dy bashk\u00ebqytetar t\u00eb tij. T\u00eb plagosurit m\u00ebsohet se jan\u00eb t\u00eb mosh\u00ebs 16 dhe 28 vje\u00e7, nd\u00ebrkoh\u00eb q\u00eb policia njofton se ata jan\u00eb d\u00ebrguar me urgjenc\u00eb n\u00eb spitalin e Kor\u00e7\u00ebs, nd\u00ebrsa njofton se \u00ebsht\u00eb b\u00ebr\u00eb edhe [&hellip;]<\/p>\n","protected":false},"author":2044,"featured_media":0,"comment_status":"closed","ping_status":"closed","sticky":false,"template":"","format":"standard","meta":{"footnotes":""},"categories":[198,241,231,235],"tags":[],"class_list":{"0":"post-35662","1":"post","2":"type-post","3":"status-publish","4":"format-standard","6":"category-360-grade","7":"category-aktualitet","8":"category-lajme","9":"category-vendi"},"_links":{"self":[{"href":"https:\/\/zjarr.tv\/sq\/wp-json\/wp\/v2\/posts\/35662","targetHints":{"allow":["GET"]}}],"collection":[{"href":"https:\/\/zjarr.tv\/sq\/wp-json\/wp\/v2\/posts"}],"about":[{"href":"https:\/\/zjarr.tv\/sq\/wp-json\/wp\/v2\/types\/post"}],"author":[{"embeddable":true,"href":"https:\/\/zjarr.tv\/sq\/wp-json\/wp\/v2\/users\/2044"}],"replies":[{"embeddable":true,"href":"https:\/\/zjarr.tv\/sq\/wp-json\/wp\/v2\/comments?post=35662"}],"version-history":[{"count":0,"href":"https:\/\/zjarr.tv\/sq\/wp-json\/wp\/v2\/posts\/35662\/revisions"}],"wp:attachment":[{"href":"https:\/\/zjarr.tv\/sq\/wp-json\/wp\/v2\/media?parent=35662"}],"wp:term":[{"taxonomy":"category","embeddable":true,"href":"https:\/\/zjarr.tv\/sq\/wp-json\/wp\/v2\/categories?post=35662"},{"taxonomy":"post_tag","embeddable":true,"href":"https:\/\/zjarr.tv\/sq\/wp-json\/wp\/v2\/tags?post=35662"}],"curies":[{"name":"wp","href":"https:\/\/api.w.org\/{rel}","templated":true}]}}