{"id":35665,"date":"2017-05-29T22:42:24","date_gmt":"2017-05-29T20:42:24","guid":{"rendered":"http:\/\/zjarr.tv\/?p=35665"},"modified":"2017-05-29T22:42:24","modified_gmt":"2017-05-29T20:42:24","slug":"basha-tregon-per-here-te-pare-perse-u-lane-jashte-listave-disa-figura-te-shquara-te-pd-se","status":"publish","type":"post","link":"https:\/\/zjarr.tv\/sq\/basha-tregon-per-here-te-pare-perse-u-lane-jashte-listave-disa-figura-te-shquara-te-pd-se\/","title":{"rendered":"Basha tregon p\u00ebr her\u00eb t\u00eb par\u00eb p\u00ebrse u lan\u00eb jasht\u00eb listave disa figura t\u00eb shquara t\u00eb PD-s\u00eb"},"content":{"rendered":"<p>Kreu i Partis\u00eb Demokratike Lulzim Basha, i ndodhur n\u00eb hapjen e fushat\u00ebs elektorale n\u00eb qytetin e Lezh\u00ebs ka folur mbi l\u00ebnien e disa figurave t\u00eb Partis\u00eb Demokratike jasht\u00eb listave p\u00ebr kandidat\u00eb p\u00ebr deputet\u00eb.<\/p>\n<p>N\u00eb fjal\u00ebn e tij Basha u shpreh se ka qen\u00eb nj\u00eb vendim i v\u00ebshtir\u00eb por i drejt\u00eb, q\u00eb u mor n\u00eb koh\u00ebn e duhur, ku edhe shtoi se ndryshimi vjen duke ndryshuar veten.<\/p>\n<blockquote><p>Ndryshimi vjen duke ndryshuar veten ton\u00eb, ndaj ndryshova ekipin ton\u00eb. Fitorja e vitit 2017 vjen me ekipin e viti 2017\u2033, \u2013 u shpreh Basha para mb\u00ebshtet\u00ebsve t\u00eb tij.<\/p><\/blockquote>\n","protected":false},"excerpt":{"rendered":"<p>Kreu i Partis\u00eb Demokratike Lulzim Basha, i ndodhur n\u00eb hapjen e fushat\u00ebs elektorale n\u00eb qytetin e Lezh\u00ebs ka folur mbi l\u00ebnien e disa figurave t\u00eb Partis\u00eb Demokratike jasht\u00eb listave p\u00ebr kandidat\u00eb p\u00ebr deputet\u00eb. N\u00eb fjal\u00ebn e tij Basha u shpreh se ka qen\u00eb nj\u00eb vendim i v\u00ebshtir\u00eb por i drejt\u00eb, q\u00eb u mor n\u00eb koh\u00ebn [&hellip;]<\/p>\n","protected":false},"author":2044,"featured_media":0,"comment_status":"closed","ping_status":"closed","sticky":false,"template":"","format":"standard","meta":{"footnotes":""},"categories":[198,241,231,235],"tags":[],"class_list":{"0":"post-35665","1":"post","2":"type-post","3":"status-publish","4":"format-standard","6":"category-360-grade","7":"category-aktualitet","8":"category-lajme","9":"category-vendi"},"_links":{"self":[{"href":"https:\/\/zjarr.tv\/sq\/wp-json\/wp\/v2\/posts\/35665","targetHints":{"allow":["GET"]}}],"collection":[{"href":"https:\/\/zjarr.tv\/sq\/wp-json\/wp\/v2\/posts"}],"about":[{"href":"https:\/\/zjarr.tv\/sq\/wp-json\/wp\/v2\/types\/post"}],"author":[{"embeddable":true,"href":"https:\/\/zjarr.tv\/sq\/wp-json\/wp\/v2\/users\/2044"}],"replies":[{"embeddable":true,"href":"https:\/\/zjarr.tv\/sq\/wp-json\/wp\/v2\/comments?post=35665"}],"version-history":[{"count":0,"href":"https:\/\/zjarr.tv\/sq\/wp-json\/wp\/v2\/posts\/35665\/revisions"}],"wp:attachment":[{"href":"https:\/\/zjarr.tv\/sq\/wp-json\/wp\/v2\/media?parent=35665"}],"wp:term":[{"taxonomy":"category","embeddable":true,"href":"https:\/\/zjarr.tv\/sq\/wp-json\/wp\/v2\/categories?post=35665"},{"taxonomy":"post_tag","embeddable":true,"href":"https:\/\/zjarr.tv\/sq\/wp-json\/wp\/v2\/tags?post=35665"}],"curies":[{"name":"wp","href":"https:\/\/api.w.org\/{rel}","templated":true}]}}