{"id":35836,"date":"2017-06-01T20:13:05","date_gmt":"2017-06-01T18:13:05","guid":{"rendered":"http:\/\/zjarr.tv\/?p=35836"},"modified":"2017-06-01T20:13:05","modified_gmt":"2017-06-01T18:13:05","slug":"studiuesi-vendos-perballe-te-paret-e-shkodres-dallimet-mes-romeo-gurakuqit-dhe-ditmir-bushatit","status":"publish","type":"post","link":"https:\/\/zjarr.tv\/sq\/studiuesi-vendos-perballe-te-paret-e-shkodres-dallimet-mes-romeo-gurakuqit-dhe-ditmir-bushatit\/","title":{"rendered":"Studiuesi vendos p\u00ebrball\u00eb t\u00eb par\u00ebt e Shkodr\u00ebs: Dallimet mes Romeo Gurakuqit dhe Ditmir Bushatit"},"content":{"rendered":"<p>Studiuesi Gjergj Kola ka vendosur p\u00ebrball\u00eb dy kandidat\u00ebt e par\u00eb t\u00eb PS dhe PD n\u00eb qarkun e Shkodr\u00ebs, duke b\u00ebr\u00eb nj\u00eb rezyme t\u00eb arsimimit, kultur\u00ebs dhe kontributit q\u00eb ata kan\u00eb dh\u00ebn\u00eb p\u00ebr Shqip\u00ebrin\u00eb.<\/p>\n<p>Ditmir Bushati dhe Romeo Gurakuqi, ku dallojn\u00eb nga nj\u00ebri-tjetri dhe \u00e7far\u00eb i afron, e tregon ky shkrim i Gjergj Kol\u00ebs.<\/p>\n<p><strong>Jet\u00eb paralele ose Lufta p\u00ebr Shkodr\u00ebn:<\/strong><\/p>\n<p>V O T I M E 2017<\/p>\n<p>Ditmir Bushati- minist\u00ebr i jasht\u00ebm i Shqipnis\u00eb Lista PS<\/p>\n<p>Romeo Gurakuqi \u2013 aspirant p\u00ebr minist\u00ebr i jasht\u00ebm i Shqipnis\u00eb Lista PD<\/p>\n<p>PROFESIONI:<\/p>\n<p>Bushati:<\/p>\n<p>Jurist, diplomue ne 1999 n\u00eb koh\u00ebn e lumit t\u00eb jurist\u00ebve shqiptar\u00eb nd\u00ebr fakultetet e vendit. Nuk prezanton asnji studim n\u00eb fush\u00ebn e jurisprudenc\u00ebs shqiptare. Flet nji anglishte \u201chukubet\u201d.<\/p>\n<p>Gurakuqi.<\/p>\n<p>Nji nga studjuesit par excellence t\u00eb historis\u00eb moderne shqiptare. Studimet e tija mbi arshivat Londinese jan\u00eb pjes\u00eb e pandame e historis\u00eb shqiptare. Flet nji anglishte te p\u00ebrsosun q\u00eb do i bante nder cdo ministri t\u00eb jasht\u00ebm n\u00eb bot\u00eb.<\/p>\n<p>RELIGJION.<\/p>\n<p>Bushati<\/p>\n<p>Ateist<\/p>\n<p>Gurakuqi<\/p>\n<p>Katolik<\/p>\n<p>PUNA.<\/p>\n<p>Bushati.<\/p>\n<p>Si minister i jasht\u00ebm te bie n\u00eb sy mungesa e akcenteve dhe origjinalitetit n\u00eb politik\u00ebn e jashtme shqiptare. I zgjedhun nga Kryeministri Rama si nji ateist, n\u00eb t\u00eb v\u00ebrtet\u00eb ai sh\u00ebrben aty p\u00ebr me qet\u00ebsue fantazmat fetare t\u00eb mesjet\u00ebs n\u00eb veri t\u00eb vendit dhe ma ndej. Ky p\u00ebrban edhe nji nga absurdet ma kulmore t\u00eb kabinetit Rama. K\u00ebshtu Bushati asht p\u00ebrkujdes\u00eb q\u00eb ambasadat shqiptare n\u00eb per\u00ebndim t\u00eb mbushen me jenicer\u00eb e komunist\u00eb t\u00eb sprovuem.<\/p>\n<p>Gurakuqi<\/p>\n<p>Nji nga profesoret ma t\u00eb nderuem, si n\u00eb Universitetin e Shkodr\u00ebs ashtu edhe n\u00eb at\u00eb privat t\u00eb Tiran\u00ebs. Autor studimesh historike dhe librash me vler\u00eb n\u00eb ket fush\u00eb, t\u00eb p\u00ebrkthyem an\u00eb e mban\u00eb bot\u00ebs. Librat e tij jan\u00eb nji burim njohjet p\u00ebr shqiptar\u00ebt porse edhe p\u00ebr studjuesit universitar\u00eb.<\/p>\n<p>PASUNIA<\/p>\n<p>Bushati<\/p>\n<p>Nga shtypi m\u00ebsohet se ka vue nji pasuni marramendese n\u00eb firma q\u00eb asnjiher\u00eb nuk jan\u00eb kontrollue praj askujt p\u00ebr aktivitetin e tyne, si shum\u00eb pasardh\u00ebs et\u00ebrish komuniste q\u00eb shnderruen pushtetin politik monist, n\u00eb marrje t\u00eb pushtetit politik dhe ekonomik.<\/p>\n<p>Gurakuqi<\/p>\n<p>Jeton me rrogen modeste t\u00eb profesorit. Nuk ka asnji pasuni t\u00eb tundshme dhe t\u00eb patundshme. Njeri i ndersh\u00ebm qe jeton tash 27 vjet me djers\u00ebn e ballit.<\/p>\n<p>FAMILJA<\/p>\n<p>Bushati.<\/p>\n<p>Asht i biri i nji prej sekretarev\u00eb ma fam\u00ebkeq t\u00eb partis\u00eb komuniste n\u00eb Shkod\u00ebr, q\u00eb zbatoi me fanatiz\u00ebm luft\u00ebn kundra cfaqjeve t\u00eb hueja borgjezo-per\u00ebndimore dhe luft\u00ebs s\u00eb klasave. N\u00eb koh\u00ebn kur Sulejman Bushati ishte sekreter i par\u00eb dhe dora e fort\u00eb e Ramiz Alis\u00eb n\u00eb Shkod\u00ebr, internoi n\u00eb mas\u00eb rinin\u00eb shkodrane deri edhe minorene p\u00ebr cfaqje t\u00eb hueja, shume prej t\u00eb cil\u00ebve i vuejne ala edhe sot pasojat.<\/p>\n<p>Gurakuqi.<\/p>\n<p>Asht i biri i nji prindi shembullor, demokrat, me prirje perendimore, nji kojshi, mik, koleg punet i respektuem n\u00eb cdo kohe. Pinjoll i familjes s\u00eb famshme t\u00eb Gurakuqve.I jati u perzue nga Tirana me ardhjen e komunistave n\u00eb fuqi dhe u vendos n\u00eb Shkod\u00ebr. Pasunia ju sekuestrue.<\/p>\n<p>TRASHEGIMNIA<\/p>\n<p>Bushatllijte<\/p>\n<p>N\u00eb 250 vitet e pashall\u00ebkut te tyne osman nuk soll\u00ebn asgja n\u00eb kultur\u00ebn autentike shqiptare. P\u00ebrvec objekteve t\u00eb kultit t\u00eb nji besimi t\u00eb caktuem, ata mbush\u00ebn vendin me biblioteka arabe dhe turke.<\/p>\n<p>Gurakuqet.<\/p>\n<p>Karl Gurakuqi njihet si themeluesi i bibliotek\u00ebs s\u00eb par\u00eb shqiptare. Luigj Gurakuqi si pishtar i demokracise, ministri i financave i vetmi ne bot\u00eb, q\u00eb kur e vran\u00eb nuk i gjeten asnji pasuni n\u00eb bank\u00eb dhe askund.<\/p>\n<p>ETER DHE BASHKSHORTE<\/p>\n<p>Bushati<\/p>\n<p>Shembullore, ka dy femije.<\/p>\n<p>Gurakuqi<\/p>\n<p>Shembullore. ka dy femije.<\/p>\n<p>DREJTIMET HISTORIKO DEMOKRATIKE<\/p>\n<p>Bushati<\/p>\n<p>Jeton simbas parimit: t\u00eb gjith\u00eb bashkfajtor t\u00eb komunizmit.<\/p>\n<p>Gurakuqi<\/p>\n<p>Drejtues i Institutit t\u00eb Studimit t\u00eb Krimeve t\u00eb Komunizmit<\/p>\n<p>VENDLINDJA<\/p>\n<p>Bushati<\/p>\n<p>Shkod\u00ebr<\/p>\n<p>Gurakuqi<\/p>\n<p>Shkod\u00ebr.<\/p>\n<p>TIFOZERI<\/p>\n<p>Bushati<\/p>\n<p>Vllaznia<\/p>\n<p>Gurakuqi<\/p>\n<p>Vllaznia.<\/p>\n<p>Uroj te fitoje ma i miri!<\/p>\n","protected":false},"excerpt":{"rendered":"<p>Studiuesi Gjergj Kola ka vendosur p\u00ebrball\u00eb dy kandidat\u00ebt e par\u00eb t\u00eb PS dhe PD n\u00eb qarkun e Shkodr\u00ebs, duke b\u00ebr\u00eb nj\u00eb rezyme t\u00eb arsimimit, kultur\u00ebs dhe kontributit q\u00eb ata kan\u00eb dh\u00ebn\u00eb p\u00ebr Shqip\u00ebrin\u00eb. Ditmir Bushati dhe Romeo Gurakuqi, ku dallojn\u00eb nga nj\u00ebri-tjetri dhe \u00e7far\u00eb i afron, e tregon ky shkrim i Gjergj Kol\u00ebs. Jet\u00eb paralele [&hellip;]<\/p>\n","protected":false},"author":2044,"featured_media":0,"comment_status":"closed","ping_status":"closed","sticky":false,"template":"","format":"standard","meta":{"footnotes":""},"categories":[198,241,231,235],"tags":[],"class_list":{"0":"post-35836","1":"post","2":"type-post","3":"status-publish","4":"format-standard","6":"category-360-grade","7":"category-aktualitet","8":"category-lajme","9":"category-vendi"},"_links":{"self":[{"href":"https:\/\/zjarr.tv\/sq\/wp-json\/wp\/v2\/posts\/35836","targetHints":{"allow":["GET"]}}],"collection":[{"href":"https:\/\/zjarr.tv\/sq\/wp-json\/wp\/v2\/posts"}],"about":[{"href":"https:\/\/zjarr.tv\/sq\/wp-json\/wp\/v2\/types\/post"}],"author":[{"embeddable":true,"href":"https:\/\/zjarr.tv\/sq\/wp-json\/wp\/v2\/users\/2044"}],"replies":[{"embeddable":true,"href":"https:\/\/zjarr.tv\/sq\/wp-json\/wp\/v2\/comments?post=35836"}],"version-history":[{"count":0,"href":"https:\/\/zjarr.tv\/sq\/wp-json\/wp\/v2\/posts\/35836\/revisions"}],"wp:attachment":[{"href":"https:\/\/zjarr.tv\/sq\/wp-json\/wp\/v2\/media?parent=35836"}],"wp:term":[{"taxonomy":"category","embeddable":true,"href":"https:\/\/zjarr.tv\/sq\/wp-json\/wp\/v2\/categories?post=35836"},{"taxonomy":"post_tag","embeddable":true,"href":"https:\/\/zjarr.tv\/sq\/wp-json\/wp\/v2\/tags?post=35836"}],"curies":[{"name":"wp","href":"https:\/\/api.w.org\/{rel}","templated":true}]}}