{"id":35842,"date":"2017-06-02T15:59:55","date_gmt":"2017-06-02T13:59:55","guid":{"rendered":"http:\/\/zjarr.tv\/?p=35842"},"modified":"2017-06-02T15:59:55","modified_gmt":"2017-06-02T13:59:55","slug":"humben-jeten-2-femije-prokuroria-con-ne-gjyq-4-komisioneret-e-kolaudimit-te-rruges","status":"publish","type":"post","link":"https:\/\/zjarr.tv\/sq\/humben-jeten-2-femije-prokuroria-con-ne-gjyq-4-komisioneret-e-kolaudimit-te-rruges\/","title":{"rendered":"Humb\u00ebn jet\u00ebn 2 f\u00ebmij\u00eb \/ Prokuroria \u00e7on n\u00eb gjyq 4 komisioner\u00ebt e kolaudimit t\u00eb rrug\u00ebs"},"content":{"rendered":"<p>N\u00eb vitin 2016, si pasoj\u00eb e nj\u00eb aksidenti automobilistik humb\u00ebn jet\u00ebn 2 f\u00ebmij\u00eb. Kjo \u00e7\u00ebshtje i kaloi Prokuroris\u00eb e cila ka mbyllur hetimet dhe ka \u00e7uar n\u00eb gjykat\u00eb \u00e7\u00ebshtjen p\u00ebr 4 an\u00ebtar\u00ebt e komisionit t\u00eb kolaudimit n\u00eb rrug\u00ebn ByPass Plepa- Kavaj\u00eb \u2013 Rrogozhin\u00eb.<\/p>\n<p>Ata akuzohen p\u00ebr vepr\u00ebn penale \u2018Shp\u00ebrdorim detyre\u2019.<\/p>\n<p>Ngjarja tragjike ndodhi n\u00eb rrug\u00ebn dyt\u00ebsore Golem-Kavaj\u00eb. Nj\u00eb n\u00ebn\u00eb me inicialet S. N, 24 vje\u00e7e udh\u00ebtonte bashk\u00eb me tre f\u00ebmij\u00ebt e saj ku ka humbur kontrollin e makin\u00ebs dhe \u00ebsht\u00eb p\u00ebrplasur me trafikndar\u00ebsen.<\/p>\n<p>Nga ky aksident mbet\u00ebn t\u00eb vdekur 2 prej f\u00ebmij\u00ebve t\u00eb saj, t\u00eb mosh\u00ebs 3 dhe 5 vje\u00e7.<\/p>\n","protected":false},"excerpt":{"rendered":"<p>N\u00eb vitin 2016, si pasoj\u00eb e nj\u00eb aksidenti automobilistik humb\u00ebn jet\u00ebn 2 f\u00ebmij\u00eb. Kjo \u00e7\u00ebshtje i kaloi Prokuroris\u00eb e cila ka mbyllur hetimet dhe ka \u00e7uar n\u00eb gjykat\u00eb \u00e7\u00ebshtjen p\u00ebr 4 an\u00ebtar\u00ebt e komisionit t\u00eb kolaudimit n\u00eb rrug\u00ebn ByPass Plepa- Kavaj\u00eb \u2013 Rrogozhin\u00eb. Ata akuzohen p\u00ebr vepr\u00ebn penale \u2018Shp\u00ebrdorim detyre\u2019. Ngjarja tragjike ndodhi n\u00eb rrug\u00ebn [&hellip;]<\/p>\n","protected":false},"author":2044,"featured_media":0,"comment_status":"closed","ping_status":"closed","sticky":false,"template":"","format":"standard","meta":{"footnotes":""},"categories":[198,241,231,235],"tags":[],"class_list":{"0":"post-35842","1":"post","2":"type-post","3":"status-publish","4":"format-standard","6":"category-360-grade","7":"category-aktualitet","8":"category-lajme","9":"category-vendi"},"_links":{"self":[{"href":"https:\/\/zjarr.tv\/sq\/wp-json\/wp\/v2\/posts\/35842","targetHints":{"allow":["GET"]}}],"collection":[{"href":"https:\/\/zjarr.tv\/sq\/wp-json\/wp\/v2\/posts"}],"about":[{"href":"https:\/\/zjarr.tv\/sq\/wp-json\/wp\/v2\/types\/post"}],"author":[{"embeddable":true,"href":"https:\/\/zjarr.tv\/sq\/wp-json\/wp\/v2\/users\/2044"}],"replies":[{"embeddable":true,"href":"https:\/\/zjarr.tv\/sq\/wp-json\/wp\/v2\/comments?post=35842"}],"version-history":[{"count":0,"href":"https:\/\/zjarr.tv\/sq\/wp-json\/wp\/v2\/posts\/35842\/revisions"}],"wp:attachment":[{"href":"https:\/\/zjarr.tv\/sq\/wp-json\/wp\/v2\/media?parent=35842"}],"wp:term":[{"taxonomy":"category","embeddable":true,"href":"https:\/\/zjarr.tv\/sq\/wp-json\/wp\/v2\/categories?post=35842"},{"taxonomy":"post_tag","embeddable":true,"href":"https:\/\/zjarr.tv\/sq\/wp-json\/wp\/v2\/tags?post=35842"}],"curies":[{"name":"wp","href":"https:\/\/api.w.org\/{rel}","templated":true}]}}