{"id":35844,"date":"2017-06-02T16:01:35","date_gmt":"2017-06-02T14:01:35","guid":{"rendered":"http:\/\/zjarr.tv\/?p=35844"},"modified":"2017-06-02T16:01:35","modified_gmt":"2017-06-02T14:01:35","slug":"haki-mustafa-ne-postin-e-administratorit-te-pergjithshem-te-oshee-se","status":"publish","type":"post","link":"https:\/\/zjarr.tv\/sq\/haki-mustafa-ne-postin-e-administratorit-te-pergjithshem-te-oshee-se\/","title":{"rendered":"Haki Mustafa n\u00eb postin e Administratorit t\u00eb P\u00ebrgjithsh\u00ebm t\u00eb OSHEE-s\u00eb"},"content":{"rendered":"<p>Haki Mustafa \u00ebsht\u00eb em\u00ebruar n\u00eb postin e Administratorit t\u00eb P\u00ebrgjithsh\u00ebm t\u00eb OSHEE-s\u00eb.<\/p>\n<p>Mustafa \u00ebsht\u00eb propozim i PD-s\u00eb \u00a0dhe z\u00eb vendin e Ardian \u00c7el\u00ebs.<\/p>\n<p>Para k\u00ebtij em\u00ebrimi, Haki Mustafa ka qen\u00eb kryetar i Partis\u00eb Demokratike n\u00eb nj\u00ebsin\u00eb num\u00ebr 11 n\u00eb zon\u00ebn e Laprak\u00ebs, Tiran\u00eb.<\/p>\n<p>Ky em\u00ebrim vjen pas marr\u00ebveshjes s\u00eb arritur mes kryeministrit Edi Rama dhe kreut t\u00eb opozit\u00ebs, Lulzim Basha.<\/p>\n","protected":false},"excerpt":{"rendered":"<p>Haki Mustafa \u00ebsht\u00eb em\u00ebruar n\u00eb postin e Administratorit t\u00eb P\u00ebrgjithsh\u00ebm t\u00eb OSHEE-s\u00eb. Mustafa \u00ebsht\u00eb propozim i PD-s\u00eb \u00a0dhe z\u00eb vendin e Ardian \u00c7el\u00ebs. Para k\u00ebtij em\u00ebrimi, Haki Mustafa ka qen\u00eb kryetar i Partis\u00eb Demokratike n\u00eb nj\u00ebsin\u00eb num\u00ebr 11 n\u00eb zon\u00ebn e Laprak\u00ebs, Tiran\u00eb. Ky em\u00ebrim vjen pas marr\u00ebveshjes s\u00eb arritur mes kryeministrit Edi Rama dhe [&hellip;]<\/p>\n","protected":false},"author":2044,"featured_media":0,"comment_status":"closed","ping_status":"closed","sticky":false,"template":"","format":"standard","meta":{"footnotes":""},"categories":[198,241,231,235],"tags":[],"class_list":{"0":"post-35844","1":"post","2":"type-post","3":"status-publish","4":"format-standard","6":"category-360-grade","7":"category-aktualitet","8":"category-lajme","9":"category-vendi"},"_links":{"self":[{"href":"https:\/\/zjarr.tv\/sq\/wp-json\/wp\/v2\/posts\/35844","targetHints":{"allow":["GET"]}}],"collection":[{"href":"https:\/\/zjarr.tv\/sq\/wp-json\/wp\/v2\/posts"}],"about":[{"href":"https:\/\/zjarr.tv\/sq\/wp-json\/wp\/v2\/types\/post"}],"author":[{"embeddable":true,"href":"https:\/\/zjarr.tv\/sq\/wp-json\/wp\/v2\/users\/2044"}],"replies":[{"embeddable":true,"href":"https:\/\/zjarr.tv\/sq\/wp-json\/wp\/v2\/comments?post=35844"}],"version-history":[{"count":0,"href":"https:\/\/zjarr.tv\/sq\/wp-json\/wp\/v2\/posts\/35844\/revisions"}],"wp:attachment":[{"href":"https:\/\/zjarr.tv\/sq\/wp-json\/wp\/v2\/media?parent=35844"}],"wp:term":[{"taxonomy":"category","embeddable":true,"href":"https:\/\/zjarr.tv\/sq\/wp-json\/wp\/v2\/categories?post=35844"},{"taxonomy":"post_tag","embeddable":true,"href":"https:\/\/zjarr.tv\/sq\/wp-json\/wp\/v2\/tags?post=35844"}],"curies":[{"name":"wp","href":"https:\/\/api.w.org\/{rel}","templated":true}]}}