{"id":35847,"date":"2017-06-02T16:02:26","date_gmt":"2017-06-02T14:02:26","guid":{"rendered":"http:\/\/zjarr.tv\/?p=35847"},"modified":"2017-06-02T16:02:26","modified_gmt":"2017-06-02T14:02:26","slug":"shkarkohet-drejtori-i-lsi-se","status":"publish","type":"post","link":"https:\/\/zjarr.tv\/sq\/shkarkohet-drejtori-i-lsi-se\/","title":{"rendered":"Shkarkohet drejtori i LSI-s\u00eb"},"content":{"rendered":"<p>\u00cbsht\u00eb shkarkuar nga detyra Drejtori i P\u00ebrgjithsh\u00ebm i Post\u00ebs, Majlind Lazimi, p\u00ebr shkelje t\u00eb ligjit elektoral.<\/p>\n<p>Ai \u00ebsht\u00eb zyrtar i LSI-s\u00eb dhe \u00ebsht\u00eb shkarkuar me akuz\u00ebn se ka ushtruar presion ndaj vart\u00ebsve q\u00eb t\u00eb merrnin pjes\u00eb n\u00eb fushat\u00ebn elektorale n\u00eb partis\u00eb s\u00eb tij.<\/p>\n","protected":false},"excerpt":{"rendered":"<p>\u00cbsht\u00eb shkarkuar nga detyra Drejtori i P\u00ebrgjithsh\u00ebm i Post\u00ebs, Majlind Lazimi, p\u00ebr shkelje t\u00eb ligjit elektoral. Ai \u00ebsht\u00eb zyrtar i LSI-s\u00eb dhe \u00ebsht\u00eb shkarkuar me akuz\u00ebn se ka ushtruar presion ndaj vart\u00ebsve q\u00eb t\u00eb merrnin pjes\u00eb n\u00eb fushat\u00ebn elektorale n\u00eb partis\u00eb s\u00eb tij.<\/p>\n","protected":false},"author":2044,"featured_media":0,"comment_status":"closed","ping_status":"closed","sticky":false,"template":"","format":"standard","meta":{"footnotes":""},"categories":[198,241,231,235],"tags":[],"class_list":{"0":"post-35847","1":"post","2":"type-post","3":"status-publish","4":"format-standard","6":"category-360-grade","7":"category-aktualitet","8":"category-lajme","9":"category-vendi"},"_links":{"self":[{"href":"https:\/\/zjarr.tv\/sq\/wp-json\/wp\/v2\/posts\/35847","targetHints":{"allow":["GET"]}}],"collection":[{"href":"https:\/\/zjarr.tv\/sq\/wp-json\/wp\/v2\/posts"}],"about":[{"href":"https:\/\/zjarr.tv\/sq\/wp-json\/wp\/v2\/types\/post"}],"author":[{"embeddable":true,"href":"https:\/\/zjarr.tv\/sq\/wp-json\/wp\/v2\/users\/2044"}],"replies":[{"embeddable":true,"href":"https:\/\/zjarr.tv\/sq\/wp-json\/wp\/v2\/comments?post=35847"}],"version-history":[{"count":0,"href":"https:\/\/zjarr.tv\/sq\/wp-json\/wp\/v2\/posts\/35847\/revisions"}],"wp:attachment":[{"href":"https:\/\/zjarr.tv\/sq\/wp-json\/wp\/v2\/media?parent=35847"}],"wp:term":[{"taxonomy":"category","embeddable":true,"href":"https:\/\/zjarr.tv\/sq\/wp-json\/wp\/v2\/categories?post=35847"},{"taxonomy":"post_tag","embeddable":true,"href":"https:\/\/zjarr.tv\/sq\/wp-json\/wp\/v2\/tags?post=35847"}],"curies":[{"name":"wp","href":"https:\/\/api.w.org\/{rel}","templated":true}]}}