{"id":35854,"date":"2017-06-02T16:07:21","date_gmt":"2017-06-02T14:07:21","guid":{"rendered":"http:\/\/zjarr.tv\/?p=35854"},"modified":"2017-06-02T16:07:21","modified_gmt":"2017-06-02T14:07:21","slug":"zvkryeministrja-mandija-administrata-le-te-marre-pjese-ne-fushate-pas-pune-por-jo-te-shprehet-publikisht","status":"publish","type":"post","link":"https:\/\/zjarr.tv\/sq\/zvkryeministrja-mandija-administrata-le-te-marre-pjese-ne-fushate-pas-pune-por-jo-te-shprehet-publikisht\/","title":{"rendered":"Zv\/kryeministrja Mandija: Administrata le t\u00eb marr\u00eb pjes\u00eb n\u00eb fushat\u00eb pas pune, por jo t\u00eb shprehet publikisht"},"content":{"rendered":"<p>Zv\/kryeministrja teknike Ledina Mandija ka reaguar pas deklaratave t\u00eb fundit n\u00eb lidhje me n\u00ebnpun\u00ebsit civil\u00eb p\u00ebr t\u00eb marr\u00eb pjes\u00eb n\u00eb fushat\u00eb a jo.<\/p>\n<p>Me an\u00eb t\u00eb nj\u00eb deklarate, Mandija shprehet se administrata mund t\u00eb marr\u00eb pjes\u00eb n\u00eb fushat\u00eb vet\u00ebm pas orarit zyrtar t\u00eb pun\u00ebs, por pa shprehur bindjet e tyre publikisht.<\/p>\n<p><strong>Deklarata e zv.Kryeministres Ledina Mandija:<\/strong><\/p>\n<p>Z\u00ebvend\u00ebskryeministrja Ledina Mandija, n\u00eb vijim t\u00eb deklaratave t\u00eb k\u00ebtyre dit\u00ebve dhe me q\u00ebllim qart\u00ebsimin e opinionit publik,n\u00eb referim t\u00eb legjislacionit n\u00eb fuqi, ve\u00e7an\u00ebrisht nenit 37, t\u00eb Ligjit nr. 152\/2013 \u201cP\u00ebr n\u00ebpun\u00ebsin civil\u00eb\u201d si dhe q\u00ebndrimit t\u00eb Komisionerit p\u00ebr Mbik\u00ebqyrjen e Sh\u00ebrbimit Civil,sqaron se n\u00ebpun\u00ebsi civil jasht\u00eb orarit zyrtar ka t\u00eb drejt\u00eb t\u00eb marr\u00eb pjes\u00eb n\u00eb veprimtari politike, por nuk i lejohet t\u00eb shpreh\u00eb publikisht bindjet dhe preferencat e tij politike. Kjo do t\u00eb thot\u00eb q\u00eb nuk i lejohet t\u00eb nd\u00ebrmarr\u00eb veprime t\u00eb b\u00ebj\u00eb fushat\u00eb p\u00ebr nj\u00eb subjekt politik\/zgjedhor apo kandidat, t\u00eb jet\u00eb protagonist n\u00eb aktivitete\/veprimtari politike apo t\u00ebmanifestoj\u00eb me pankarta, parulla apo \u00e7do mjet tjet\u00ebr t\u00eb shkruar dhe t\u00eb ekspozuar publikisht.<\/p>\n<p>Gjithashtu, sqarojm\u00eb q\u00eb gjat\u00eb orarit zyrtar t\u00eb pun\u00ebs \u00e7do lloj pjes\u00ebmarrjeje n\u00eb veprimtari politike apo fushat\u00eb zgjedhore p\u00ebr nj\u00eb parti politike ose kandidat \u00ebsht\u00eb e ndaluar p\u00ebr \u00e7do punonj\u00ebs t\u00eb administrat\u00ebs shtet\u00ebrore n\u00ebpun\u00ebs civil, administrativ apo me kontrat\u00eb pun\u00eb.<\/p>\n<p>\u00c7do pjes\u00ebmarrje n\u00eb kund\u00ebrshtim me k\u00ebto rregulla sjell p\u00ebrgjegj\u00ebsi penale, sipas ndryshimeve m\u00eb t\u00eb fundit t\u00eb miratuara n\u00eb Kodin Penal nga Kuvendi i Shqip\u00ebris\u00eb.<\/p>\n<p>Z\u00ebvend\u00ebskryeministrja znj. Mandija shpreh besimin e plot\u00eb se titullar\u00ebt e t\u00eb gjitha institucioneve shtet\u00ebrore do t\u00eb marrin masat e nevojshme n\u00eb p\u00ebrputhje me ligjin, p\u00ebr respektimin e detyrimeve t\u00eb punonj\u00ebsve t\u00eb administrat\u00ebs shtet\u00ebrore dhe do t\u00eb procedojn\u00eb sipas ligjit p\u00ebr \u00e7do shkelje t\u00eb evidentuar.<\/p>\n","protected":false},"excerpt":{"rendered":"<p>Zv\/kryeministrja teknike Ledina Mandija ka reaguar pas deklaratave t\u00eb fundit n\u00eb lidhje me n\u00ebnpun\u00ebsit civil\u00eb p\u00ebr t\u00eb marr\u00eb pjes\u00eb n\u00eb fushat\u00eb a jo. Me an\u00eb t\u00eb nj\u00eb deklarate, Mandija shprehet se administrata mund t\u00eb marr\u00eb pjes\u00eb n\u00eb fushat\u00eb vet\u00ebm pas orarit zyrtar t\u00eb pun\u00ebs, por pa shprehur bindjet e tyre publikisht. Deklarata e zv.Kryeministres Ledina [&hellip;]<\/p>\n","protected":false},"author":2044,"featured_media":0,"comment_status":"closed","ping_status":"closed","sticky":false,"template":"","format":"standard","meta":{"footnotes":""},"categories":[198,241,231,235],"tags":[],"class_list":{"0":"post-35854","1":"post","2":"type-post","3":"status-publish","4":"format-standard","6":"category-360-grade","7":"category-aktualitet","8":"category-lajme","9":"category-vendi"},"_links":{"self":[{"href":"https:\/\/zjarr.tv\/sq\/wp-json\/wp\/v2\/posts\/35854","targetHints":{"allow":["GET"]}}],"collection":[{"href":"https:\/\/zjarr.tv\/sq\/wp-json\/wp\/v2\/posts"}],"about":[{"href":"https:\/\/zjarr.tv\/sq\/wp-json\/wp\/v2\/types\/post"}],"author":[{"embeddable":true,"href":"https:\/\/zjarr.tv\/sq\/wp-json\/wp\/v2\/users\/2044"}],"replies":[{"embeddable":true,"href":"https:\/\/zjarr.tv\/sq\/wp-json\/wp\/v2\/comments?post=35854"}],"version-history":[{"count":0,"href":"https:\/\/zjarr.tv\/sq\/wp-json\/wp\/v2\/posts\/35854\/revisions"}],"wp:attachment":[{"href":"https:\/\/zjarr.tv\/sq\/wp-json\/wp\/v2\/media?parent=35854"}],"wp:term":[{"taxonomy":"category","embeddable":true,"href":"https:\/\/zjarr.tv\/sq\/wp-json\/wp\/v2\/categories?post=35854"},{"taxonomy":"post_tag","embeddable":true,"href":"https:\/\/zjarr.tv\/sq\/wp-json\/wp\/v2\/tags?post=35854"}],"curies":[{"name":"wp","href":"https:\/\/api.w.org\/{rel}","templated":true}]}}