{"id":35859,"date":"2017-06-02T16:17:18","date_gmt":"2017-06-02T14:17:18","guid":{"rendered":"http:\/\/zjarr.tv\/?p=35859"},"modified":"2017-06-02T16:17:18","modified_gmt":"2017-06-02T14:17:18","slug":"berisha-rama-po-bllokon-marreveshjen-me-pd-ne","status":"publish","type":"post","link":"https:\/\/zjarr.tv\/sq\/berisha-rama-po-bllokon-marreveshjen-me-pd-ne\/","title":{"rendered":"Berisha: Rama po bllokon marr\u00ebveshjen me PD-n\u00eb"},"content":{"rendered":"<p>Ish-kryeministri Sali Berisha ka deoncuar dit\u00ebn e sotme se Rama po bllokon marr\u00ebveshjen me opozit\u00ebn.<\/p>\n<p>Me an\u00eb t\u00eb nj\u00eb postimi n\u00eb Facebook, Berisha shkruan se me an\u00eb t\u00eb sekretarit t\u00eb p\u00ebrgjithsh\u00ebm t\u00eb Kryeministris\u00eb Engj\u00ebll Aga\u00e7i, Rama ka urdh\u00ebruar zv\/ministrat q\u00eb t\u00eb mos zbatojn\u00eb urdhrat dhe vendimet e ministrave teknik\u00eb q\u00eb kan\u00eb t\u00eb b\u00ebjn\u00eb me ndalimin n\u00eb fushat\u00eb elektorale t\u00eb n\u00ebpun\u00ebsve t\u00eb administrat\u00ebs shtet\u00ebrore.<\/p>\n<p><em><strong>Postimi i plot\u00eb i ish-kryeministrit Berisha:<\/strong><\/em><\/p>\n<p>Rama ne panik, me sekretarin e pergjithshem te mafies shteterore. Aga\u00e7i bllokon marreveshjen me opoziten!<\/p>\n<p>Nepunesi i larte dixhital informon:<br \/>\nPanik i madh ne administraten shteterore per zgjedhjet. Jane penduar shume per marreveshjen prandaj<br \/>\nRama, pasi ka urdheruar sekretaret e pergjithshem qe t\u2019i japin leje per fushate elektorale gjate muajit qershor 1\/3tes se administrates publike, <span class=\"text_exposed_show\"><br \/>\nkerkoi te anulloje nepermjet zevendesministrave, urdherat e ministrave teknik per kthimin ne detyre te te te gjithe punonjesve te larguar me leje.<\/span><\/p>\n<div class=\"text_exposed_show\">\n<p>Rama urdheron sekretaret e pergjithshem, qe me urdher verbal dhe porosi te tij, adminstrata publike te mos zbatoje urdherin e tij dhe vendimin e KM per mospjesmarrjen e administrates ne zbatim te ligjeve ne fushate elektorale te partive.<\/p>\n<p>Sekretaret e pergjithshem te mos u japin minitstrave teknike asnje dosje te koncesioneve dhe tenderave elektoral.<\/p>\n<p>Rama ka urdheruar Don Aga\u00e7in, qe sekretaret e pergjithshem te bllokojne cdo mundesi kontrolli te ministrave teknik duke mos ju akorduar mjetet e nevojshme per ushtrimin e kontrolleve te shkeljeve flagrante te ligjit elektoral dhe ligjeve te tjera nga punonjesit militant! sb<\/p>\n<\/div>\n","protected":false},"excerpt":{"rendered":"<p>Ish-kryeministri Sali Berisha ka deoncuar dit\u00ebn e sotme se Rama po bllokon marr\u00ebveshjen me opozit\u00ebn. Me an\u00eb t\u00eb nj\u00eb postimi n\u00eb Facebook, Berisha shkruan se me an\u00eb t\u00eb sekretarit t\u00eb p\u00ebrgjithsh\u00ebm t\u00eb Kryeministris\u00eb Engj\u00ebll Aga\u00e7i, Rama ka urdh\u00ebruar zv\/ministrat q\u00eb t\u00eb mos zbatojn\u00eb urdhrat dhe vendimet e ministrave teknik\u00eb q\u00eb kan\u00eb t\u00eb b\u00ebjn\u00eb me ndalimin [&hellip;]<\/p>\n","protected":false},"author":2044,"featured_media":0,"comment_status":"closed","ping_status":"closed","sticky":false,"template":"","format":"standard","meta":{"footnotes":""},"categories":[198,241,231,235],"tags":[],"class_list":{"0":"post-35859","1":"post","2":"type-post","3":"status-publish","4":"format-standard","6":"category-360-grade","7":"category-aktualitet","8":"category-lajme","9":"category-vendi"},"_links":{"self":[{"href":"https:\/\/zjarr.tv\/sq\/wp-json\/wp\/v2\/posts\/35859","targetHints":{"allow":["GET"]}}],"collection":[{"href":"https:\/\/zjarr.tv\/sq\/wp-json\/wp\/v2\/posts"}],"about":[{"href":"https:\/\/zjarr.tv\/sq\/wp-json\/wp\/v2\/types\/post"}],"author":[{"embeddable":true,"href":"https:\/\/zjarr.tv\/sq\/wp-json\/wp\/v2\/users\/2044"}],"replies":[{"embeddable":true,"href":"https:\/\/zjarr.tv\/sq\/wp-json\/wp\/v2\/comments?post=35859"}],"version-history":[{"count":0,"href":"https:\/\/zjarr.tv\/sq\/wp-json\/wp\/v2\/posts\/35859\/revisions"}],"wp:attachment":[{"href":"https:\/\/zjarr.tv\/sq\/wp-json\/wp\/v2\/media?parent=35859"}],"wp:term":[{"taxonomy":"category","embeddable":true,"href":"https:\/\/zjarr.tv\/sq\/wp-json\/wp\/v2\/categories?post=35859"},{"taxonomy":"post_tag","embeddable":true,"href":"https:\/\/zjarr.tv\/sq\/wp-json\/wp\/v2\/tags?post=35859"}],"curies":[{"name":"wp","href":"https:\/\/api.w.org\/{rel}","templated":true}]}}