{"id":35862,"date":"2017-06-02T17:12:56","date_gmt":"2017-06-02T15:12:56","guid":{"rendered":"http:\/\/zjarr.tv\/?p=35862"},"modified":"2017-06-02T17:12:56","modified_gmt":"2017-06-02T15:12:56","slug":"u-shkarkua-nga-detyra-lazimi-eshte-e-paligjshme-ska-asnje-vendim-nga-keshilli-mbikeqyres","status":"publish","type":"post","link":"https:\/\/zjarr.tv\/sq\/u-shkarkua-nga-detyra-lazimi-eshte-e-paligjshme-ska-asnje-vendim-nga-keshilli-mbikeqyres\/","title":{"rendered":"U shkarkua nga detyra \/ Lazimi: \u00cbsht\u00eb e paligjshme, s\u2019ka asnj\u00eb vendim nga K\u00ebshilli Mbik\u00ebqyr\u00ebs"},"content":{"rendered":"<p>Gjat\u00eb daljes n\u00eb konferenc\u00ebn p\u00ebr shtyp t\u00eb paralajm\u00ebruar m\u00eb her\u00ebt, Drejtori i P\u00ebrgjithsh\u00ebm i Post\u00ebs Shqiptare Majlind Lazimi n\u00eb lidhje me shkarkimin e tij nga detyra.<\/p>\n<p>N\u00eb fjal\u00ebn e tij, Lazimi u shpreh se p\u00ebr shkarkimin e tij nuk ka nj\u00eb vendim nga K\u00ebshilli Mbik\u00ebqyr\u00ebs, dhe se deri m\u00eb tani nuk ka asnj\u00eb shkres\u00eb zyrtare p\u00ebr motivacionin e largimit t\u00eb tij nga detyra.<\/p>\n<p>N\u00ebdrkoh\u00eb, Lazimi shtoi se\u00a0shkarkimi i tij \u00ebsht\u00eb lajm i \u00e7uditsh\u00ebm dhe se urdhri ka dal\u00eb me firm\u00eb t\u00eb ministres s\u00eb Ekonomis\u00eb, Milva Ekonomi.<\/p>\n<blockquote><p>S\u2019ka asnj\u00eb vendim nga K\u00ebshilli Mbik\u00ebqyr\u00ebs. \u00cbsht\u00eb krijuar amulli e panevojshme n\u00eb media pa asnj\u00eb motivacion. Deri n\u00eb k\u00ebto momente nuk kam asnj\u00eb shkres\u00eb zyrtare p\u00ebr motivacionin e lirimit tim. Un\u00eb u interesova n\u00eb telefon me ministren Ekonomi dhe nuk m\u00eb dha asnj\u00eb shpjegim.. Pati ping-pong nga ministrja duke th\u00ebn\u00eb q\u00eb ka marr\u00eb nj\u00eb SMS nga zv\/kryeministrja znj.Mandija, t\u00eb cil\u00ebn e kontaktova dhe m\u00eb tha n\u00eb m\u00ebnyr\u00eb qytetare nuk kam asnj\u00eb lidhje n\u00eb k\u00ebt\u00eb vendimmarrje, thjesht \u00e7ova informacion p\u00ebr verifikim\u201d, u shpreh Lazimi.<\/p><\/blockquote>\n","protected":false},"excerpt":{"rendered":"<p>Gjat\u00eb daljes n\u00eb konferenc\u00ebn p\u00ebr shtyp t\u00eb paralajm\u00ebruar m\u00eb her\u00ebt, Drejtori i P\u00ebrgjithsh\u00ebm i Post\u00ebs Shqiptare Majlind Lazimi n\u00eb lidhje me shkarkimin e tij nga detyra. N\u00eb fjal\u00ebn e tij, Lazimi u shpreh se p\u00ebr shkarkimin e tij nuk ka nj\u00eb vendim nga K\u00ebshilli Mbik\u00ebqyr\u00ebs, dhe se deri m\u00eb tani nuk ka asnj\u00eb shkres\u00eb zyrtare [&hellip;]<\/p>\n","protected":false},"author":2044,"featured_media":0,"comment_status":"closed","ping_status":"closed","sticky":false,"template":"","format":"standard","meta":{"footnotes":""},"categories":[198,241,231,235],"tags":[],"class_list":{"0":"post-35862","1":"post","2":"type-post","3":"status-publish","4":"format-standard","6":"category-360-grade","7":"category-aktualitet","8":"category-lajme","9":"category-vendi"},"_links":{"self":[{"href":"https:\/\/zjarr.tv\/sq\/wp-json\/wp\/v2\/posts\/35862","targetHints":{"allow":["GET"]}}],"collection":[{"href":"https:\/\/zjarr.tv\/sq\/wp-json\/wp\/v2\/posts"}],"about":[{"href":"https:\/\/zjarr.tv\/sq\/wp-json\/wp\/v2\/types\/post"}],"author":[{"embeddable":true,"href":"https:\/\/zjarr.tv\/sq\/wp-json\/wp\/v2\/users\/2044"}],"replies":[{"embeddable":true,"href":"https:\/\/zjarr.tv\/sq\/wp-json\/wp\/v2\/comments?post=35862"}],"version-history":[{"count":0,"href":"https:\/\/zjarr.tv\/sq\/wp-json\/wp\/v2\/posts\/35862\/revisions"}],"wp:attachment":[{"href":"https:\/\/zjarr.tv\/sq\/wp-json\/wp\/v2\/media?parent=35862"}],"wp:term":[{"taxonomy":"category","embeddable":true,"href":"https:\/\/zjarr.tv\/sq\/wp-json\/wp\/v2\/categories?post=35862"},{"taxonomy":"post_tag","embeddable":true,"href":"https:\/\/zjarr.tv\/sq\/wp-json\/wp\/v2\/tags?post=35862"}],"curies":[{"name":"wp","href":"https:\/\/api.w.org\/{rel}","templated":true}]}}