{"id":35866,"date":"2017-06-02T17:40:32","date_gmt":"2017-06-02T15:40:32","guid":{"rendered":"http:\/\/zjarr.tv\/?p=35866"},"modified":"2017-06-02T17:40:32","modified_gmt":"2017-06-02T15:40:32","slug":"dule-per-ramen-nuk-merrem-me-me-kete-njeri","status":"publish","type":"post","link":"https:\/\/zjarr.tv\/sq\/dule-per-ramen-nuk-merrem-me-me-kete-njeri\/","title":{"rendered":"Dule p\u00ebr Ram\u00ebn: Nuk merrem m\u00eb me k\u00ebt\u00eb njeri"},"content":{"rendered":"<p>Me an\u00eb t\u00eb nj\u00eb statusi n\u00eb rrjetin social Twitter, Kryetari i PBDNJ Vangjel Dule shkruan se nuk ka nd\u00ebrmend t\u00eb merret m\u00eb me Ram\u00ebn.<\/p>\n<p>Rama deklaroi\u00a0dje n\u00eb studion e \u201cOpinon\u201d t\u00eb gazetarit Blendi Fevziut se Vangjel Dule u largua si n\u00ebnkryetar i Kuvendit\u00a0se nuk pranonte q\u00eb t\u00eb ishte n\u00ebnkryetar Parlamenti Shp\u00ebtim Idrizi dhe tani pranon t\u00eb futet n\u00eb listat e PD-s\u00eb bashk\u00eb me nj\u00eb \u00e7am dhe t\u00eb dy do k\u00ebrkojn\u00eb vota dhe i bie q\u00eb \u00e7am\u00ebt t\u00eb votojn\u00eb p\u00ebr Dulen dhe minoritetet t\u00eb votojn\u00eb p\u00ebr \u00e7am\u00ebt.<\/p>\n<p>&nbsp;<\/p>\n<blockquote><p><em>I shnd\u00ebrruar n\u00eb kyefjal\u00eb t\u00eb delirium-it Rama 24h e fundit, interesimit t\u00eb medias dhe opinionit i p\u00ebrgjigjem se nuk merrem m\u00eb me k\u00ebt\u00eb njeri\u201d, <\/em>shkruan Dule n\u00eb Twitter.<\/p><\/blockquote>\n<blockquote class=\"twitter-tweet\" data-width=\"550\" data-dnt=\"true\">\n<p lang=\"et\" dir=\"ltr\">I shnd\u00ebrruar n\u00eb kyefjal\u00eb t\u00eb delirium-it Rama 24h e fundit, interesimit t\u00eb medias dhe opinionit i p\u00ebrgjigjem se nuk merrem m\u00eb me k\u00ebt\u00eb njeri.<\/p>\n<p>&mdash; Vangjel Dule (@edoyles) <a href=\"https:\/\/twitter.com\/edoyles\/status\/870658506172530692?ref_src=twsrc%5Etfw\">June 2, 2017<\/a><\/p><\/blockquote>\n<p><script async src=\"https:\/\/platform.twitter.com\/widgets.js\" charset=\"utf-8\"><\/script><\/p>\n","protected":false},"excerpt":{"rendered":"<p>Me an\u00eb t\u00eb nj\u00eb statusi n\u00eb rrjetin social Twitter, Kryetari i PBDNJ Vangjel Dule shkruan se nuk ka nd\u00ebrmend t\u00eb merret m\u00eb me Ram\u00ebn. Rama deklaroi\u00a0dje n\u00eb studion e \u201cOpinon\u201d t\u00eb gazetarit Blendi Fevziut se Vangjel Dule u largua si n\u00ebnkryetar i Kuvendit\u00a0se nuk pranonte q\u00eb t\u00eb ishte n\u00ebnkryetar Parlamenti Shp\u00ebtim Idrizi dhe tani pranon [&hellip;]<\/p>\n","protected":false},"author":2044,"featured_media":0,"comment_status":"closed","ping_status":"closed","sticky":false,"template":"","format":"standard","meta":{"footnotes":""},"categories":[198,241,231,235],"tags":[],"class_list":{"0":"post-35866","1":"post","2":"type-post","3":"status-publish","4":"format-standard","6":"category-360-grade","7":"category-aktualitet","8":"category-lajme","9":"category-vendi"},"_links":{"self":[{"href":"https:\/\/zjarr.tv\/sq\/wp-json\/wp\/v2\/posts\/35866","targetHints":{"allow":["GET"]}}],"collection":[{"href":"https:\/\/zjarr.tv\/sq\/wp-json\/wp\/v2\/posts"}],"about":[{"href":"https:\/\/zjarr.tv\/sq\/wp-json\/wp\/v2\/types\/post"}],"author":[{"embeddable":true,"href":"https:\/\/zjarr.tv\/sq\/wp-json\/wp\/v2\/users\/2044"}],"replies":[{"embeddable":true,"href":"https:\/\/zjarr.tv\/sq\/wp-json\/wp\/v2\/comments?post=35866"}],"version-history":[{"count":0,"href":"https:\/\/zjarr.tv\/sq\/wp-json\/wp\/v2\/posts\/35866\/revisions"}],"wp:attachment":[{"href":"https:\/\/zjarr.tv\/sq\/wp-json\/wp\/v2\/media?parent=35866"}],"wp:term":[{"taxonomy":"category","embeddable":true,"href":"https:\/\/zjarr.tv\/sq\/wp-json\/wp\/v2\/categories?post=35866"},{"taxonomy":"post_tag","embeddable":true,"href":"https:\/\/zjarr.tv\/sq\/wp-json\/wp\/v2\/tags?post=35866"}],"curies":[{"name":"wp","href":"https:\/\/api.w.org\/{rel}","templated":true}]}}