{"id":35869,"date":"2017-06-02T19:19:25","date_gmt":"2017-06-02T17:19:25","guid":{"rendered":"http:\/\/zjarr.tv\/?p=35869"},"modified":"2017-06-02T19:19:25","modified_gmt":"2017-06-02T17:19:25","slug":"u-shkarkua-se-mori-pjese-ne-fushate-drejtoresha-e-zyres-se-punes-lajmin-e-mesova-nga-mediat-le-ta-faktojne","status":"publish","type":"post","link":"https:\/\/zjarr.tv\/sq\/u-shkarkua-se-mori-pjese-ne-fushate-drejtoresha-e-zyres-se-punes-lajmin-e-mesova-nga-mediat-le-ta-faktojne\/","title":{"rendered":"U shkarkua se mori pjes\u00eb n\u00eb fushat\u00eb \/ Drejtoresha e Zyr\u00ebs s\u00eb Pun\u00ebs: Lajmin e m\u00ebsova nga mediat, le ta faktojn\u00eb"},"content":{"rendered":"<p class=\"rtejustify\">Nd\u00ebrkoh\u00eb, Ka\u00e7ori ka reaguar\u00a0duke u shprehur se lajmin p\u00ebr shkarkimin nga detyra e ka m\u00ebsuar nga mediat, dhe se ajo vet\u00eb nuk ka asnj\u00eb shkres\u00eb zyrtare n\u00eb lidhje me shkarkimin nga detyra.<\/p>\n<p class=\"rtejustify\">M\u00eb tej, Ka\u00e7ori i ka k\u00ebrkuar Ministres s\u00eb Mir\u00ebqenies Sociale q\u00eb t\u2019ia faktoj\u00eb pjes\u00ebmarrjen e saj n\u00eb fushat\u00eb.<\/p>\n<blockquote>\n<p class=\"rtejustify\">Un\u00eb personalisht nuk kam asnj\u00eb shkres\u00eb zyrtare n\u00eb lidhje me propozimin e ministres p\u00ebr shkarkimin tim nga puna. Nga kontakti q\u00eb kam patur edhe me drejtorin e P\u00ebrgjithsh\u00ebm, m\u00eb \u00ebsht\u00eb th\u00ebn\u00eb se edhe ai nuk ka shkres\u00eb zyrtare.<\/p>\n<p class=\"rtejustify\">Kjo do t\u00eb thot\u00eb se lajmin p\u00ebr shkarkimin tim e kam m\u00ebsuar nga media. Megjithat\u00eb, ministria t\u00eb m\u00eb faktoj\u00eb n\u00ebse un\u00eb jam marr\u00eb me fushat\u00eb gjat\u00eb orarit zyrtar t\u00eb pun\u00ebs. Institucioni duhet t\u00eb sjell\u00eb foto bashk\u00eb me orarin p\u00ebrkat\u00ebs n\u00eb t\u00eb cilin ato jan\u00eb shkrepur. Kjo pasi n\u00eb baz\u00eb t\u00eb urdhrit t\u00eb kryeministrit, punonj\u00ebsit e administrat\u00ebs publike mund t\u00eb merrren me fushat\u00eb pas orarit zyrtar t\u00eb pun\u00ebs\u201d,\u00a0u shpreh Marisa Ka\u00e7ori.<\/p>\n<\/blockquote>\n","protected":false},"excerpt":{"rendered":"<p>Nd\u00ebrkoh\u00eb, Ka\u00e7ori ka reaguar\u00a0duke u shprehur se lajmin p\u00ebr shkarkimin nga detyra e ka m\u00ebsuar nga mediat, dhe se ajo vet\u00eb nuk ka asnj\u00eb shkres\u00eb zyrtare n\u00eb lidhje me shkarkimin nga detyra. M\u00eb tej, Ka\u00e7ori i ka k\u00ebrkuar Ministres s\u00eb Mir\u00ebqenies Sociale q\u00eb t\u2019ia faktoj\u00eb pjes\u00ebmarrjen e saj n\u00eb fushat\u00eb. Un\u00eb personalisht nuk kam asnj\u00eb [&hellip;]<\/p>\n","protected":false},"author":2044,"featured_media":0,"comment_status":"closed","ping_status":"closed","sticky":false,"template":"","format":"standard","meta":{"footnotes":""},"categories":[198,241,231,235],"tags":[],"class_list":{"0":"post-35869","1":"post","2":"type-post","3":"status-publish","4":"format-standard","6":"category-360-grade","7":"category-aktualitet","8":"category-lajme","9":"category-vendi"},"_links":{"self":[{"href":"https:\/\/zjarr.tv\/sq\/wp-json\/wp\/v2\/posts\/35869","targetHints":{"allow":["GET"]}}],"collection":[{"href":"https:\/\/zjarr.tv\/sq\/wp-json\/wp\/v2\/posts"}],"about":[{"href":"https:\/\/zjarr.tv\/sq\/wp-json\/wp\/v2\/types\/post"}],"author":[{"embeddable":true,"href":"https:\/\/zjarr.tv\/sq\/wp-json\/wp\/v2\/users\/2044"}],"replies":[{"embeddable":true,"href":"https:\/\/zjarr.tv\/sq\/wp-json\/wp\/v2\/comments?post=35869"}],"version-history":[{"count":0,"href":"https:\/\/zjarr.tv\/sq\/wp-json\/wp\/v2\/posts\/35869\/revisions"}],"wp:attachment":[{"href":"https:\/\/zjarr.tv\/sq\/wp-json\/wp\/v2\/media?parent=35869"}],"wp:term":[{"taxonomy":"category","embeddable":true,"href":"https:\/\/zjarr.tv\/sq\/wp-json\/wp\/v2\/categories?post=35869"},{"taxonomy":"post_tag","embeddable":true,"href":"https:\/\/zjarr.tv\/sq\/wp-json\/wp\/v2\/tags?post=35869"}],"curies":[{"name":"wp","href":"https:\/\/api.w.org\/{rel}","templated":true}]}}