{"id":35875,"date":"2017-06-03T15:46:12","date_gmt":"2017-06-03T13:46:12","guid":{"rendered":"http:\/\/zjarr.tv\/?p=35875"},"modified":"2017-06-03T15:46:12","modified_gmt":"2017-06-03T13:46:12","slug":"keshilltari-i-metes-ngre-alarmin-republika-e-re-po-na-kthen-ne-diktature","status":"publish","type":"post","link":"https:\/\/zjarr.tv\/sq\/keshilltari-i-metes-ngre-alarmin-republika-e-re-po-na-kthen-ne-diktature\/","title":{"rendered":"K\u00ebshilltari i Met\u00ebs ngre alarmin: Republika e Re po na kthen n\u00eb diktatur\u00eb"},"content":{"rendered":"<p>Pas shkarkimeve t\u00eb shumta n\u00eb radh\u00ebt e administrat\u00ebs s\u00eb LSI-s\u00eb, ka reaguar dhe k\u00ebshilltari i kreut t\u00eb Kuvendit, Ilir Meta, Emiljano Aleksi.<\/p>\n<p>Me an\u00eb t\u00eb nj\u00eb postimi n\u00eb Facebook Aleksi shkruan se \u2018Republika e Re\u2019 ka rikthyer ligjin p\u00ebr \u2018Agjitacion dhe Propagand\u00eb\u2019 duke firmosur n\u00eb marr\u00ebveshje nj\u00eb pik\u00eb e cila sipas tij, do t\u00eb burgos\u00eb k\u00ebdo q\u00eb do b\u00ebj\u00eb fushat\u00eb elektorale.<\/p>\n<p>Postimi i plot\u00eb i Aleksit n\u00eb Facebook:<\/p>\n<div id=\"fb-root\"><\/div>\n<p><script async=\"1\" defer=\"1\" crossorigin=\"anonymous\" src=\"https:\/\/connect.facebook.net\/de_DE\/sdk.js#xfbml=1&amp;version=v8.0\" nonce=\"9ZAqtkmi\"><\/script><\/p>\n<div class=\"fb-post\" data-href=\"https:\/\/www.facebook.com\/emiljanoaleks\/posts\/1419499194801794\" data-width=\"696\">\n<blockquote cite=\"https:\/\/www.facebook.com\/emiljanoaleks\/posts\/1419499194801794\" class=\"fb-xfbml-parse-ignore\">\n<p>Republika e Re rikthen ligjin p\u00ebr Agjitacion e Propagand\u00eb. \u274cMarr\u00ebveshja e 17 majit a po rikthen diktatur\u00ebn? Pika e&#8230;<\/p>\n<p>Gepostet von <a href=\"https:\/\/www.facebook.com\/emiljanoaleks\">Emiljano Timothe Aleksi<\/a> am&nbsp;<a href=\"https:\/\/www.facebook.com\/emiljanoaleks\/posts\/1419499194801794\">Freitag, 2. Juni 2017<\/a><\/p><\/blockquote>\n<\/div>\n","protected":false},"excerpt":{"rendered":"<p>Pas shkarkimeve t\u00eb shumta n\u00eb radh\u00ebt e administrat\u00ebs s\u00eb LSI-s\u00eb, ka reaguar dhe k\u00ebshilltari i kreut t\u00eb Kuvendit, Ilir Meta, Emiljano Aleksi. Me an\u00eb t\u00eb nj\u00eb postimi n\u00eb Facebook Aleksi shkruan se \u2018Republika e Re\u2019 ka rikthyer ligjin p\u00ebr \u2018Agjitacion dhe Propagand\u00eb\u2019 duke firmosur n\u00eb marr\u00ebveshje nj\u00eb pik\u00eb e cila sipas tij, do t\u00eb burgos\u00eb [&hellip;]<\/p>\n","protected":false},"author":2044,"featured_media":0,"comment_status":"closed","ping_status":"closed","sticky":false,"template":"","format":"standard","meta":{"footnotes":""},"categories":[198,241,231,235],"tags":[],"class_list":{"0":"post-35875","1":"post","2":"type-post","3":"status-publish","4":"format-standard","6":"category-360-grade","7":"category-aktualitet","8":"category-lajme","9":"category-vendi"},"_links":{"self":[{"href":"https:\/\/zjarr.tv\/sq\/wp-json\/wp\/v2\/posts\/35875","targetHints":{"allow":["GET"]}}],"collection":[{"href":"https:\/\/zjarr.tv\/sq\/wp-json\/wp\/v2\/posts"}],"about":[{"href":"https:\/\/zjarr.tv\/sq\/wp-json\/wp\/v2\/types\/post"}],"author":[{"embeddable":true,"href":"https:\/\/zjarr.tv\/sq\/wp-json\/wp\/v2\/users\/2044"}],"replies":[{"embeddable":true,"href":"https:\/\/zjarr.tv\/sq\/wp-json\/wp\/v2\/comments?post=35875"}],"version-history":[{"count":0,"href":"https:\/\/zjarr.tv\/sq\/wp-json\/wp\/v2\/posts\/35875\/revisions"}],"wp:attachment":[{"href":"https:\/\/zjarr.tv\/sq\/wp-json\/wp\/v2\/media?parent=35875"}],"wp:term":[{"taxonomy":"category","embeddable":true,"href":"https:\/\/zjarr.tv\/sq\/wp-json\/wp\/v2\/categories?post=35875"},{"taxonomy":"post_tag","embeddable":true,"href":"https:\/\/zjarr.tv\/sq\/wp-json\/wp\/v2\/tags?post=35875"}],"curies":[{"name":"wp","href":"https:\/\/api.w.org\/{rel}","templated":true}]}}