{"id":35878,"date":"2017-06-03T15:47:08","date_gmt":"2017-06-03T13:47:08","guid":{"rendered":"http:\/\/zjarr.tv\/?p=35878"},"modified":"2017-06-03T15:47:08","modified_gmt":"2017-06-03T13:47:08","slug":"basha-eshte-rritur-ekonomia-e-rames-populli-eshte-ne-varferi","status":"publish","type":"post","link":"https:\/\/zjarr.tv\/sq\/basha-eshte-rritur-ekonomia-e-rames-populli-eshte-ne-varferi\/","title":{"rendered":"Basha: \u00cbsht\u00eb rritur ekonomia e Ram\u00ebs, populli \u00ebsht\u00eb n\u00eb varf\u00ebri"},"content":{"rendered":"<p>Kreu i PD-s\u00eb, Lulzim Basha, ka \u00e7elur sot fushat\u00ebn elektorale n\u00eb Kruj\u00eb.<\/p>\n<p>Nga qyteti i Kruj\u00ebs, Basha ka akuzuar kryeministrin Edi Rama se ekonomia e vendit \u00ebsht\u00eb shkat\u00ebrruar nd\u00ebrkoh\u00eb q\u00eb \u00ebsht\u00eb rritur ekonomia e Kryeministrit dhe e oligark\u00ebve.<\/p>\n<p>Basha ka th\u00ebn\u00eb se Rama nuk e kupton se gjendja e qytetar\u00ebve \u00ebsht\u00eb e keqe sepse ekonomia e tij dhe e oligark\u00ebve \u00ebsht\u00eb rritur nd\u00ebrkoh\u00eb q\u00eb qytetar\u00ebt jan\u00eb n\u00eb nj\u00eb gjendje t\u00eb keqe ekonomike.<\/p>\n<blockquote><p><em>Edi Rama ka nj\u00eb jav\u00eb n\u00eb fushat\u00eb dhe refuzon t\u00eb flas\u00eb refuzion t\u00eb jap\u00eb llogari se ku jan\u00eb 300 mij\u00eb vendet e pun\u00ebs q\u00eb premton. Ekonomia katastrof\u00eb, papun\u00ebsia \u00ebsht\u00eb ulur k\u00ebmb\u00ebkryq. Edi Rama prap\u00eb s\u00eb prap\u00eb thot\u00eb ekonomia \u00ebsht\u00eb rritur, populli nuk e kupton. Edi Rama e thot\u00eb sepse ekonomia me t\u00eb v\u00ebrtet\u00eb \u00ebsht\u00eb rritur, por p\u00ebr njer\u00ebzit me t\u00eb cil\u00ebt po rri, por jo ekonomia e ndershme por ekonomia e drog\u00ebs dhe e krimit. \u00a0Kjo \u00ebsht\u00eb Shqip\u00ebria e Edi Ram\u00ebs. Por kjo nuk \u00ebsht\u00eb Shqip\u00ebria p\u00ebr ne\u201d, <\/em>tha kreu i PD-s\u00eb.<\/p><\/blockquote>\n","protected":false},"excerpt":{"rendered":"<p>Kreu i PD-s\u00eb, Lulzim Basha, ka \u00e7elur sot fushat\u00ebn elektorale n\u00eb Kruj\u00eb. Nga qyteti i Kruj\u00ebs, Basha ka akuzuar kryeministrin Edi Rama se ekonomia e vendit \u00ebsht\u00eb shkat\u00ebrruar nd\u00ebrkoh\u00eb q\u00eb \u00ebsht\u00eb rritur ekonomia e Kryeministrit dhe e oligark\u00ebve. Basha ka th\u00ebn\u00eb se Rama nuk e kupton se gjendja e qytetar\u00ebve \u00ebsht\u00eb e keqe sepse ekonomia [&hellip;]<\/p>\n","protected":false},"author":2044,"featured_media":0,"comment_status":"closed","ping_status":"closed","sticky":false,"template":"","format":"standard","meta":{"footnotes":""},"categories":[198,241,231,235],"tags":[],"class_list":{"0":"post-35878","1":"post","2":"type-post","3":"status-publish","4":"format-standard","6":"category-360-grade","7":"category-aktualitet","8":"category-lajme","9":"category-vendi"},"_links":{"self":[{"href":"https:\/\/zjarr.tv\/sq\/wp-json\/wp\/v2\/posts\/35878","targetHints":{"allow":["GET"]}}],"collection":[{"href":"https:\/\/zjarr.tv\/sq\/wp-json\/wp\/v2\/posts"}],"about":[{"href":"https:\/\/zjarr.tv\/sq\/wp-json\/wp\/v2\/types\/post"}],"author":[{"embeddable":true,"href":"https:\/\/zjarr.tv\/sq\/wp-json\/wp\/v2\/users\/2044"}],"replies":[{"embeddable":true,"href":"https:\/\/zjarr.tv\/sq\/wp-json\/wp\/v2\/comments?post=35878"}],"version-history":[{"count":0,"href":"https:\/\/zjarr.tv\/sq\/wp-json\/wp\/v2\/posts\/35878\/revisions"}],"wp:attachment":[{"href":"https:\/\/zjarr.tv\/sq\/wp-json\/wp\/v2\/media?parent=35878"}],"wp:term":[{"taxonomy":"category","embeddable":true,"href":"https:\/\/zjarr.tv\/sq\/wp-json\/wp\/v2\/categories?post=35878"},{"taxonomy":"post_tag","embeddable":true,"href":"https:\/\/zjarr.tv\/sq\/wp-json\/wp\/v2\/tags?post=35878"}],"curies":[{"name":"wp","href":"https:\/\/api.w.org\/{rel}","templated":true}]}}