{"id":35879,"date":"2017-06-03T15:47:52","date_gmt":"2017-06-03T13:47:52","guid":{"rendered":"http:\/\/zjarr.tv\/?p=35879"},"modified":"2017-06-03T15:47:52","modified_gmt":"2017-06-03T13:47:52","slug":"kuvendi-publikon-emrat-qe-plotesojne-kushtet-per-anetare-te-klgj-se","status":"publish","type":"post","link":"https:\/\/zjarr.tv\/sq\/kuvendi-publikon-emrat-qe-plotesojne-kushtet-per-anetare-te-klgj-se\/","title":{"rendered":"Kuvendi publikon emrat q\u00eb plot\u00ebsojn\u00eb kushtet p\u00ebr an\u00ebtar\u00eb t\u00eb KLGJ-s\u00eb"},"content":{"rendered":"<p>Jan\u00eb b\u00ebr\u00eb publike nga Kuvendi emrat e kandidat\u00ebve q\u00eb plot\u00ebsojn\u00eb kushtet ligjore p\u00ebr an\u00ebtar\u00eb t\u00eb K\u00ebshillit t\u00eb Lart\u00eb Gjyq\u00ebsor nga avokatia.<\/p>\n<p><em><strong>Lista e kandidat\u00ebve q\u00eb plot\u00ebsojn\u00eb kushtet ligjore:<\/strong><\/em><\/p>\n<p>1. ALBAN TORO<br \/>\n2. ARBEN PRIFTI<br \/>\n3. ARBEN VANI<br \/>\n4. FATMIRA LULI<br \/>\n5. FATOS LAZIMI<br \/>\n6. GENTI SINANI<br \/>\n7. G\u00cbZIM ALLARAJ<br \/>\n8. SAIMIR VISHAJ<br \/>\n9. SINAN TAFAJ<br \/>\n10. SOKOL LAMAJ<\/p>\n<p>K\u00ebta persoan kan\u00eb plot\u00ebsuar kushtet bazuar n\u00eb Kushtetut\u00eb\u00a0dhe neni 19, pika 3, i ligjit 115\/2016 \u201cP\u00ebr organet e qeverisjes s\u00eb sistemit t\u00eb drejt\u00ebsis\u00eb\u201d, sipas vler\u00ebsimit t\u00eb b\u00ebr\u00eb nga Sekretari i P\u00ebrgjithsh\u00ebm i Kuvendit, bazuar n\u00eb nenin 35, pika 7, shkronja \u201ca\u201d t\u00eb ligjit 115\/2016.<\/p>\n<p><em><strong>Lista e persoanve q\u00eb nuk kan\u00eb plot\u00ebsuar kushtet:\u00a0<\/strong><\/em><\/p>\n<p>1. ALEKSAND\u00cbR RASPOPI<br \/>\n2. ARBEN SPAHO<br \/>\n3. BETULA TOTO<br \/>\n4. ERMIR MEMA<br \/>\n5. ISMAIL UKA<br \/>\n6. SIMON VORFI<br \/>\n7. VJOLLCA PUSTINA<\/p>\n","protected":false},"excerpt":{"rendered":"<p>Jan\u00eb b\u00ebr\u00eb publike nga Kuvendi emrat e kandidat\u00ebve q\u00eb plot\u00ebsojn\u00eb kushtet ligjore p\u00ebr an\u00ebtar\u00eb t\u00eb K\u00ebshillit t\u00eb Lart\u00eb Gjyq\u00ebsor nga avokatia. Lista e kandidat\u00ebve q\u00eb plot\u00ebsojn\u00eb kushtet ligjore: 1. ALBAN TORO 2. ARBEN PRIFTI 3. ARBEN VANI 4. FATMIRA LULI 5. FATOS LAZIMI 6. GENTI SINANI 7. G\u00cbZIM ALLARAJ 8. SAIMIR VISHAJ 9. SINAN TAFAJ [&hellip;]<\/p>\n","protected":false},"author":2044,"featured_media":0,"comment_status":"closed","ping_status":"closed","sticky":false,"template":"","format":"standard","meta":{"footnotes":""},"categories":[198,241,231,235],"tags":[],"class_list":{"0":"post-35879","1":"post","2":"type-post","3":"status-publish","4":"format-standard","6":"category-360-grade","7":"category-aktualitet","8":"category-lajme","9":"category-vendi"},"_links":{"self":[{"href":"https:\/\/zjarr.tv\/sq\/wp-json\/wp\/v2\/posts\/35879","targetHints":{"allow":["GET"]}}],"collection":[{"href":"https:\/\/zjarr.tv\/sq\/wp-json\/wp\/v2\/posts"}],"about":[{"href":"https:\/\/zjarr.tv\/sq\/wp-json\/wp\/v2\/types\/post"}],"author":[{"embeddable":true,"href":"https:\/\/zjarr.tv\/sq\/wp-json\/wp\/v2\/users\/2044"}],"replies":[{"embeddable":true,"href":"https:\/\/zjarr.tv\/sq\/wp-json\/wp\/v2\/comments?post=35879"}],"version-history":[{"count":0,"href":"https:\/\/zjarr.tv\/sq\/wp-json\/wp\/v2\/posts\/35879\/revisions"}],"wp:attachment":[{"href":"https:\/\/zjarr.tv\/sq\/wp-json\/wp\/v2\/media?parent=35879"}],"wp:term":[{"taxonomy":"category","embeddable":true,"href":"https:\/\/zjarr.tv\/sq\/wp-json\/wp\/v2\/categories?post=35879"},{"taxonomy":"post_tag","embeddable":true,"href":"https:\/\/zjarr.tv\/sq\/wp-json\/wp\/v2\/tags?post=35879"}],"curies":[{"name":"wp","href":"https:\/\/api.w.org\/{rel}","templated":true}]}}