{"id":35883,"date":"2017-06-03T15:49:43","date_gmt":"2017-06-03T13:49:43","guid":{"rendered":"http:\/\/zjarr.tv\/?p=35883"},"modified":"2017-06-03T15:49:43","modified_gmt":"2017-06-03T13:49:43","slug":"kokedhima-ne-qeparo-bojkotoni-zgjedhjet-braktiseni-kete-klase-politike","status":"publish","type":"post","link":"https:\/\/zjarr.tv\/sq\/kokedhima-ne-qeparo-bojkotoni-zgjedhjet-braktiseni-kete-klase-politike\/","title":{"rendered":"Kok\u00ebdhima n\u00eb Qeparo: Bojkotoni zgjedhjet, braktiseni k\u00ebt\u00eb klas\u00eb politike"},"content":{"rendered":"<p>Kreu i L\u00ebvizjes Zgjidhja, Ko\u00e7o Kok\u00ebdhima, n\u00eb nj\u00eb takim q\u00eb zhvilloi me mb\u00ebshtet\u00ebsit e tij n\u00eb Qeparo i b\u00ebri thirrje t\u00eb gjith\u00eb qytetar\u00ebve t\u2019i bojkotojn\u00eb zgjedhjet e 25 qershorit.<\/p>\n<p>Kok\u00ebdhima tha se populli \u00ebsht\u00eb i pap\u00ebrfaq\u00ebsuar n\u00eb k\u00ebto zgjedhje. Sipas tij PD-ja dhe PS-ja po vjedhin zgjedhjet.<\/p>\n<p><strong><em>Pjes\u00eb nga fjala e Kok\u00ebdhim\u00ebs:<\/em><\/strong><\/p>\n<p><em>Zgjidhja ka vendosur q\u00eb t\u2019i braktis\u00eb k\u00ebto zgjedhje. An\u00ebtar\u00ebt dhe simpatizant\u00ebt e Zgjidhjes nuk do marrin pjes\u00eb n\u00eb votimet e 25 qershorit. Ne kemi vendosur t\u2019i bojkotojm\u00eb dhe t\u2019i refuzojm\u00eb k\u00ebto zgjedhje, p\u00ebr ta refuzuar k\u00ebt\u00eb kast\u00eb t\u00eb diskredituar politike dhe p\u00ebr t\u2019ia shkurtuar jet\u00ebn asaj.<\/em><\/p>\n<p><em>Zgjidhja deklaroi se nuk do merrte pjes\u00eb n\u00eb zgjedhje pa opozit\u00ebn, n\u00eb zgjedhje q\u00eb do e p\u00ebr\u00e7anin popullin ton\u00eb. Zgjidhja gjithashtu deklaroi se nuk do t\u00eb merrte pjes\u00eb n\u00eb zgjedhje pa reform\u00eb zgjedhore dhe pa infrastruktur\u00eb q\u00eb do garantonte zgjedhje t\u00eb lira dhe t\u00eb ndershme, nuk do shkonte n\u00eb zgjedhjet ku votat i num\u00ebron Rilindja dhe PD-ja. Dhe p\u00ebr k\u00ebto arsye Zgjidhja refuzoi t\u00eb p\u00ebrfshihej n\u00eb zgjedhje as drejtp\u00ebrdrejt dhe as n\u00eb rrug\u00eb t\u00eb tjera. Zgjidhja u q\u00ebndroi deri n\u00eb fund deklarimeve t\u00eb veta.<\/em><\/p>\n<p><em>Gj\u00ebja e par\u00eb q\u00eb mund t\u00eb b\u00ebjm\u00eb p\u00ebr t\u00eb reaguar si qytetar\u00eb t\u00eb p\u00ebrgjegjsh\u00ebm t\u00eb k\u00ebtij vendi \u00ebsht\u00eb t\u00eb p\u00ebrmbysim p\u00ebrmes bojkotit dhe refuzimit zgjedhjet e 25 qershorit dhe bashk\u00eb me to edhe pushtetin e oligarkis\u00eb s\u00eb krimit dhe korrupsionit n\u00eb Shqip\u00ebri! N\u00ebse do t\u00eb veprojm\u00eb t\u00eb bashkuar, kjo do ndodh\u00eb shum\u00eb shpejt.<\/em><\/p>\n","protected":false},"excerpt":{"rendered":"<p>Kreu i L\u00ebvizjes Zgjidhja, Ko\u00e7o Kok\u00ebdhima, n\u00eb nj\u00eb takim q\u00eb zhvilloi me mb\u00ebshtet\u00ebsit e tij n\u00eb Qeparo i b\u00ebri thirrje t\u00eb gjith\u00eb qytetar\u00ebve t\u2019i bojkotojn\u00eb zgjedhjet e 25 qershorit. Kok\u00ebdhima tha se populli \u00ebsht\u00eb i pap\u00ebrfaq\u00ebsuar n\u00eb k\u00ebto zgjedhje. Sipas tij PD-ja dhe PS-ja po vjedhin zgjedhjet. Pjes\u00eb nga fjala e Kok\u00ebdhim\u00ebs: Zgjidhja ka vendosur [&hellip;]<\/p>\n","protected":false},"author":2044,"featured_media":0,"comment_status":"closed","ping_status":"closed","sticky":false,"template":"","format":"standard","meta":{"footnotes":""},"categories":[198,241,231,235],"tags":[],"class_list":{"0":"post-35883","1":"post","2":"type-post","3":"status-publish","4":"format-standard","6":"category-360-grade","7":"category-aktualitet","8":"category-lajme","9":"category-vendi"},"_links":{"self":[{"href":"https:\/\/zjarr.tv\/sq\/wp-json\/wp\/v2\/posts\/35883","targetHints":{"allow":["GET"]}}],"collection":[{"href":"https:\/\/zjarr.tv\/sq\/wp-json\/wp\/v2\/posts"}],"about":[{"href":"https:\/\/zjarr.tv\/sq\/wp-json\/wp\/v2\/types\/post"}],"author":[{"embeddable":true,"href":"https:\/\/zjarr.tv\/sq\/wp-json\/wp\/v2\/users\/2044"}],"replies":[{"embeddable":true,"href":"https:\/\/zjarr.tv\/sq\/wp-json\/wp\/v2\/comments?post=35883"}],"version-history":[{"count":0,"href":"https:\/\/zjarr.tv\/sq\/wp-json\/wp\/v2\/posts\/35883\/revisions"}],"wp:attachment":[{"href":"https:\/\/zjarr.tv\/sq\/wp-json\/wp\/v2\/media?parent=35883"}],"wp:term":[{"taxonomy":"category","embeddable":true,"href":"https:\/\/zjarr.tv\/sq\/wp-json\/wp\/v2\/categories?post=35883"},{"taxonomy":"post_tag","embeddable":true,"href":"https:\/\/zjarr.tv\/sq\/wp-json\/wp\/v2\/tags?post=35883"}],"curies":[{"name":"wp","href":"https:\/\/api.w.org\/{rel}","templated":true}]}}