{"id":35886,"date":"2017-06-03T15:51:39","date_gmt":"2017-06-03T13:51:39","guid":{"rendered":"http:\/\/zjarr.tv\/?p=35886"},"modified":"2017-06-03T15:51:39","modified_gmt":"2017-06-03T13:51:39","slug":"sherr-me-arme-mes-anetareve-te-pdiu-se-dhe-lsi-se-ne-elbasan","status":"publish","type":"post","link":"https:\/\/zjarr.tv\/sq\/sherr-me-arme-mes-anetareve-te-pdiu-se-dhe-lsi-se-ne-elbasan\/","title":{"rendered":"Sherr me arm\u00eb mes an\u00ebtar\u00ebve t\u00eb PDIU-s\u00eb dhe LSI-s\u00eb n\u00eb Elbasan"},"content":{"rendered":"<p>Ish-kryeministri Sali Berisha n\u00eb nj\u00eb postim n\u00eb Facebook ka publikuar nj\u00eb mesazh t\u00eb ardhur nga nj\u00eb qytetar i cili denoncon dhun\u00ebn q\u00eb ka ndodhur n\u00eb qytetin e Elbasanit, ku banda t\u00eb PDIU-s\u00eb jan\u00eb konfliktuar me simpatizant\u00eb t\u00eb LSI-s\u00eb dhe i kan\u00eb q\u00eblluar me arm\u00eb.<\/p>\n<p>Sipas qytetarit ka edhe persona t\u00eb plagosur t\u00eb cil\u00ebt ndodhen n\u00eb spital.<\/p>\n<p>N\u00eb mesazhin drejtuar Berish\u00ebs thuhet se mb\u00ebshtet\u00ebsit e PDIU-s\u00eb kan\u00eb lidhje me dh\u00ebndrin e kryetarit t\u00eb bashkis\u00eb n\u00eb Elbasan dhe shokun e tij t\u00eb ngusht\u00eb Suel \u00c7ela.<\/p>\n<p>Policia nuk ka dh\u00ebn\u00eb asnj\u00eb njoftim zyrtar p\u00ebr k\u00ebt\u00eb ngjarje por n\u00eb mesazhin q\u00eb i \u00ebsht\u00eb d\u00ebrguar ish-kryeministrit thuhet se qytetar\u00ebt kan\u00eb frik\u00eb t\u00eb flasin dhe se policia \u00ebsht\u00eb b\u00ebr\u00eb pal\u00eb me dhunuesit ndaj nuk \u00ebsht\u00eb raportuar p\u00ebr \u00e7far\u00eb ka ndodhur.<\/p>\n<div id=\"fb-root\"><\/div>\n<p><script async=\"1\" defer=\"1\" crossorigin=\"anonymous\" src=\"https:\/\/connect.facebook.net\/de_DE\/sdk.js#xfbml=1&amp;version=v8.0\" nonce=\"EWAatUzF\"><\/script><\/p>\n<div class=\"fb-post\" data-href=\"https:\/\/www.facebook.com\/SaliBerisha\/posts\/796662547161321:0\" data-width=\"696\">\n<blockquote cite=\"https:\/\/www.facebook.com\/SaliBerisha\/photos\/a.122461101248139\/796662547161321\/?type=3\" class=\"fb-xfbml-parse-ignore\">\n<p>Gjendje dramatike ne Elbasan! Lexoni klithmen e nje qytetari dixhital: Elbasani nen terror bandash, policia me&#8230;<\/p>\n<p>Gepostet von <a href=\"https:\/\/www.facebook.com\/SaliBerisha\/\">Sali Berisha<\/a> am&nbsp;<a href=\"https:\/\/www.facebook.com\/SaliBerisha\/photos\/a.122461101248139\/796662547161321\/?type=3\">Samstag, 3. Juni 2017<\/a><\/p><\/blockquote>\n<\/div>\n","protected":false},"excerpt":{"rendered":"<p>Ish-kryeministri Sali Berisha n\u00eb nj\u00eb postim n\u00eb Facebook ka publikuar nj\u00eb mesazh t\u00eb ardhur nga nj\u00eb qytetar i cili denoncon dhun\u00ebn q\u00eb ka ndodhur n\u00eb qytetin e Elbasanit, ku banda t\u00eb PDIU-s\u00eb jan\u00eb konfliktuar me simpatizant\u00eb t\u00eb LSI-s\u00eb dhe i kan\u00eb q\u00eblluar me arm\u00eb. Sipas qytetarit ka edhe persona t\u00eb plagosur t\u00eb cil\u00ebt ndodhen n\u00eb [&hellip;]<\/p>\n","protected":false},"author":2044,"featured_media":0,"comment_status":"closed","ping_status":"closed","sticky":false,"template":"","format":"standard","meta":{"footnotes":""},"categories":[198,241,231,235],"tags":[],"class_list":{"0":"post-35886","1":"post","2":"type-post","3":"status-publish","4":"format-standard","6":"category-360-grade","7":"category-aktualitet","8":"category-lajme","9":"category-vendi"},"_links":{"self":[{"href":"https:\/\/zjarr.tv\/sq\/wp-json\/wp\/v2\/posts\/35886","targetHints":{"allow":["GET"]}}],"collection":[{"href":"https:\/\/zjarr.tv\/sq\/wp-json\/wp\/v2\/posts"}],"about":[{"href":"https:\/\/zjarr.tv\/sq\/wp-json\/wp\/v2\/types\/post"}],"author":[{"embeddable":true,"href":"https:\/\/zjarr.tv\/sq\/wp-json\/wp\/v2\/users\/2044"}],"replies":[{"embeddable":true,"href":"https:\/\/zjarr.tv\/sq\/wp-json\/wp\/v2\/comments?post=35886"}],"version-history":[{"count":0,"href":"https:\/\/zjarr.tv\/sq\/wp-json\/wp\/v2\/posts\/35886\/revisions"}],"wp:attachment":[{"href":"https:\/\/zjarr.tv\/sq\/wp-json\/wp\/v2\/media?parent=35886"}],"wp:term":[{"taxonomy":"category","embeddable":true,"href":"https:\/\/zjarr.tv\/sq\/wp-json\/wp\/v2\/categories?post=35886"},{"taxonomy":"post_tag","embeddable":true,"href":"https:\/\/zjarr.tv\/sq\/wp-json\/wp\/v2\/tags?post=35886"}],"curies":[{"name":"wp","href":"https:\/\/api.w.org\/{rel}","templated":true}]}}