{"id":35893,"date":"2017-06-03T18:57:13","date_gmt":"2017-06-03T16:57:13","guid":{"rendered":"http:\/\/zjarr.tv\/?p=35893"},"modified":"2017-06-03T18:57:13","modified_gmt":"2017-06-03T16:57:13","slug":"zogaj-listat-jane-bast-i-kryetarit-mosrinovimi-do-ishte-gabim-i-madh","status":"publish","type":"post","link":"https:\/\/zjarr.tv\/sq\/zogaj-listat-jane-bast-i-kryetarit-mosrinovimi-do-ishte-gabim-i-madh\/","title":{"rendered":"Zogaj: Listat jan\u00eb bast i kryetarit, mosrinovimi do ishte gabim i madh"},"content":{"rendered":"<p>Kandidati p\u00ebr deputet i PD-s\u00eb, Zogaj, e ka komentuar \u00e7\u00ebshtjen e list\u00ebs s\u00eb PD-s\u00eb si dhe p\u00ebr kritikat ndaj kreut t\u00eb PD-s\u00eb, Basha.<\/p>\n<p>Sipas Zogajt, sistemi ka b\u00ebr\u00eb q\u00eb listat t\u00eb jen\u00eb t\u00eb kryetarit dhe se \u00e7do list\u00eb \u00ebsht\u00eb e kritikueshme dhe e korrigjueshme.<\/p>\n<p><em><i>\u2018N\u00eb parim nuk ka lista t\u00eb pakorrigjueshme sidomos at\u00ebher\u00eb kur ato I b\u00ebn kryetari. Kjo gj\u00eb ka ndodhur edhe n\u00eb PS n\u00eb t\u00eb shkuar\u00ebn, por gjykimi i list\u00ebs kur kjo \u00ebsht\u00eb b\u00ebr\u00eb fakt i kryer \u00ebsht\u00eb propagand\u00eb dhe nuk sh\u00ebrben.\u2019<\/i><\/em><\/p>\n<p>M\u00eb tej n\u00eb bashk\u00ebbisedimin e tij me gazetaren n\u00eb emisionin \u2018Kjo jav\u00eb\u2019n\u00eb News24 Zogaj u shpreh se pavar\u00ebsisht mosrinovimit t\u00eb nj\u00eb pjese kandidat\u00ebsh, politika vazhdon dhe ata mund t\u00eb kthehen kurdoher\u00eb dhe merr si shembull veten e tij.<\/p>\n<p><em><i>\u2018Jam hequr dhe jam rikthyer. Edhe pse nj\u00eb person mund t\u00eb jet\u00eb hequr padrejt\u00ebsisht nga lista, ai mund t\u00eb rikthehet s\u00ebrish.\u2019<\/i><\/em><\/p>\n","protected":false},"excerpt":{"rendered":"<p>Kandidati p\u00ebr deputet i PD-s\u00eb, Zogaj, e ka komentuar \u00e7\u00ebshtjen e list\u00ebs s\u00eb PD-s\u00eb si dhe p\u00ebr kritikat ndaj kreut t\u00eb PD-s\u00eb, Basha. Sipas Zogajt, sistemi ka b\u00ebr\u00eb q\u00eb listat t\u00eb jen\u00eb t\u00eb kryetarit dhe se \u00e7do list\u00eb \u00ebsht\u00eb e kritikueshme dhe e korrigjueshme. \u2018N\u00eb parim nuk ka lista t\u00eb pakorrigjueshme sidomos at\u00ebher\u00eb kur ato [&hellip;]<\/p>\n","protected":false},"author":2044,"featured_media":0,"comment_status":"closed","ping_status":"closed","sticky":false,"template":"","format":"standard","meta":{"footnotes":""},"categories":[198,241,231,235],"tags":[],"class_list":{"0":"post-35893","1":"post","2":"type-post","3":"status-publish","4":"format-standard","6":"category-360-grade","7":"category-aktualitet","8":"category-lajme","9":"category-vendi"},"_links":{"self":[{"href":"https:\/\/zjarr.tv\/sq\/wp-json\/wp\/v2\/posts\/35893","targetHints":{"allow":["GET"]}}],"collection":[{"href":"https:\/\/zjarr.tv\/sq\/wp-json\/wp\/v2\/posts"}],"about":[{"href":"https:\/\/zjarr.tv\/sq\/wp-json\/wp\/v2\/types\/post"}],"author":[{"embeddable":true,"href":"https:\/\/zjarr.tv\/sq\/wp-json\/wp\/v2\/users\/2044"}],"replies":[{"embeddable":true,"href":"https:\/\/zjarr.tv\/sq\/wp-json\/wp\/v2\/comments?post=35893"}],"version-history":[{"count":0,"href":"https:\/\/zjarr.tv\/sq\/wp-json\/wp\/v2\/posts\/35893\/revisions"}],"wp:attachment":[{"href":"https:\/\/zjarr.tv\/sq\/wp-json\/wp\/v2\/media?parent=35893"}],"wp:term":[{"taxonomy":"category","embeddable":true,"href":"https:\/\/zjarr.tv\/sq\/wp-json\/wp\/v2\/categories?post=35893"},{"taxonomy":"post_tag","embeddable":true,"href":"https:\/\/zjarr.tv\/sq\/wp-json\/wp\/v2\/tags?post=35893"}],"curies":[{"name":"wp","href":"https:\/\/api.w.org\/{rel}","templated":true}]}}