{"id":35905,"date":"2017-06-03T21:09:51","date_gmt":"2017-06-03T19:09:51","guid":{"rendered":"http:\/\/zjarr.tv\/?p=35905"},"modified":"2017-06-03T21:09:51","modified_gmt":"2017-06-03T19:09:51","slug":"basha-ironizon-ramen-mjaft-fishkelleve-e-bere-koncerte-me-citjane","status":"publish","type":"post","link":"https:\/\/zjarr.tv\/sq\/basha-ironizon-ramen-mjaft-fishkelleve-e-bere-koncerte-me-citjane\/","title":{"rendered":"Basha ironizon Ram\u00ebn: Mjaft fishk\u00eblleve e b\u00ebre koncerte me \u00e7itjane\u2026"},"content":{"rendered":"<p>Kreu i PD-s\u00eb, Basha ka vijuar takimet elektorale n\u00eb qytetin e Durr\u00ebsit.<\/p>\n<p>N\u00eb fjal\u00ebn e tij Basha ka ironizuar Ram\u00ebn p\u00ebr fushat\u00ebn q\u00eb po b\u00ebn dhe m\u00ebnyr\u00ebn sesi vishet kur tha:<\/p>\n<p><em><i>\u2018Ka nj\u00eb jav\u00eb q\u00eb b\u00ebn koncert variete, me batuta, me \u00e7itjane. Nuk jep llogari dhe nuk b\u00ebn bilanc. Ulet mes sheshit, k\u00ebndon, b\u00ebrtet, fishk\u00ebllen por nuk jep llogari. A do e durojm\u00eb edhe 3 jav\u00eb me koncertin variete. \u00cbsht\u00eb gati t\u00eb b\u00ebj\u00eb dhe vertikalen n\u00eb mes t\u00eb Durr\u00ebsit vet\u00ebm q\u00eb t\u00eb mos ta pyesni ku jan\u00eb vendet e pun\u00ebs q\u00eb premtoi, ku jan\u00eb taksat e ulura. Kjo \u00ebsht\u00eb arsyeja q\u00eb nuk pranon as debatin televiziv. Mos harroni 300 mij\u00eb vendet e pun\u00ebs q\u00eb premtoi mos harroni krimin, drog\u00ebn, pasigurin\u00eb. B\u00ebhuni gati t\u2019i jepni forc\u00eb bashkimit t\u00eb gjith\u00eb Shqip\u00ebris\u00eb. A ua ka borxh durrsak\u00ebve debatin me kryetarin e opozit\u00ebs, a ua ka borxh qytetar\u00ebve. Edi Rama e d\u00ebgjon k\u00ebt\u00eb z\u00eb por ka frik\u00eb t\u00eb p\u00ebrballet me t\u00eb v\u00ebrtetat\u2019<\/i><\/em>, tha Basha.<\/p>\n","protected":false},"excerpt":{"rendered":"<p>Kreu i PD-s\u00eb, Basha ka vijuar takimet elektorale n\u00eb qytetin e Durr\u00ebsit. N\u00eb fjal\u00ebn e tij Basha ka ironizuar Ram\u00ebn p\u00ebr fushat\u00ebn q\u00eb po b\u00ebn dhe m\u00ebnyr\u00ebn sesi vishet kur tha: \u2018Ka nj\u00eb jav\u00eb q\u00eb b\u00ebn koncert variete, me batuta, me \u00e7itjane. Nuk jep llogari dhe nuk b\u00ebn bilanc. Ulet mes sheshit, k\u00ebndon, b\u00ebrtet, fishk\u00ebllen [&hellip;]<\/p>\n","protected":false},"author":2044,"featured_media":0,"comment_status":"closed","ping_status":"closed","sticky":false,"template":"","format":"standard","meta":{"footnotes":""},"categories":[198,241,231,235],"tags":[],"class_list":{"0":"post-35905","1":"post","2":"type-post","3":"status-publish","4":"format-standard","6":"category-360-grade","7":"category-aktualitet","8":"category-lajme","9":"category-vendi"},"_links":{"self":[{"href":"https:\/\/zjarr.tv\/sq\/wp-json\/wp\/v2\/posts\/35905","targetHints":{"allow":["GET"]}}],"collection":[{"href":"https:\/\/zjarr.tv\/sq\/wp-json\/wp\/v2\/posts"}],"about":[{"href":"https:\/\/zjarr.tv\/sq\/wp-json\/wp\/v2\/types\/post"}],"author":[{"embeddable":true,"href":"https:\/\/zjarr.tv\/sq\/wp-json\/wp\/v2\/users\/2044"}],"replies":[{"embeddable":true,"href":"https:\/\/zjarr.tv\/sq\/wp-json\/wp\/v2\/comments?post=35905"}],"version-history":[{"count":0,"href":"https:\/\/zjarr.tv\/sq\/wp-json\/wp\/v2\/posts\/35905\/revisions"}],"wp:attachment":[{"href":"https:\/\/zjarr.tv\/sq\/wp-json\/wp\/v2\/media?parent=35905"}],"wp:term":[{"taxonomy":"category","embeddable":true,"href":"https:\/\/zjarr.tv\/sq\/wp-json\/wp\/v2\/categories?post=35905"},{"taxonomy":"post_tag","embeddable":true,"href":"https:\/\/zjarr.tv\/sq\/wp-json\/wp\/v2\/tags?post=35905"}],"curies":[{"name":"wp","href":"https:\/\/api.w.org\/{rel}","templated":true}]}}